{"id":92000,"date":"2026-08-30T23:22:57","date_gmt":"2026-08-31T02:22:57","guid":{"rendered":"https:\/\/euvivoaselecao.com.br\/index.php\/2026\/08\/30\/confira-detalhes-da-presenca-de-marcos-lamacchia-em-sao-januario-para-acompanhar-o-jogo-contra-o-cruzeiro\/"},"modified":"2026-08-30T23:22:57","modified_gmt":"2026-08-31T02:22:57","slug":"confira-detalhes-da-presenca-de-marcos-lamacchia-em-sao-januario-para-acompanhar-o-jogo-contra-o-cruzeiro","status":"publish","type":"post","link":"https:\/\/euvivoaselecao.com.br\/index.php\/2026\/08\/30\/confira-detalhes-da-presenca-de-marcos-lamacchia-em-sao-januario-para-acompanhar-o-jogo-contra-o-cruzeiro\/","title":{"rendered":"Confira detalhes da presen\u00e7a de Marcos Lamacchia em S\u00e3o Janu\u00e1rio para acompanhar o jogo contra o Cruzeiro"},"content":{"rendered":"<p><\/p>\n<p>Confira detalhes da presen\u00e7a de Marcos Lamacchia em S\u00e3o Janu\u00e1rio para acompanhar o jogo contra o Cruzeiro<\/p>\n<div><center><\/p>\n<p><iframe class=\"embed-responsive-item\" allowfullscreen=\"\" src=\"https:\/\/s.videos.globo.com\/p3\/amp\/index.html?videosids=14914742\"><\/iframe><\/p>\n<p>Marcos Lamacchia vai a S\u00e3o Janu\u00e1rio e tem rosto estampado em bandeira da torcida do Vasco<\/p>\n<p><\/center><\/p>\n<p>Marcos Lamacchia teve o primeiro contato direto com a atmosfera de S\u00e3o Janu\u00e1rio, neste s\u00e1bado, quando foi assistir \u00e0 vit\u00f3ria do Vasco por 3 a 1 sobre o Cruzeiro, pela 25\u00aa rodada do Campeonato Brasileiro. O empres\u00e1rio, em negocia\u00e7\u00f5es avan\u00e7adas para a compra da SAF do clube, recebeu mensagens de carinho de torcedores, andou pelo gramado e teve contato com dirigentes e jogadores.\n<\/p>\n<p>Marcos chegou a S\u00e3o Janu\u00e1rio acompanhado de sua esposa e tamb\u00e9m de M\u00e1rio Junqueira, s\u00f3cio da Almirante Participa\u00e7\u00f5es, empresa que fez a proposta para comprar o Vasco. O empres\u00e1rio foi convidado pelos dirigentes para conhecer as instala\u00e7\u00f5es do est\u00e1dio antes da partida.\n<\/p>\n<p>Um dos pontos de maior encantamento durante o tour pelo Complexo de S\u00e3o Janu\u00e1rio foi o Col\u00e9gio Vasco da Gama e ouvir sobre o projeto do clube com os alunos e atletas do clube no espa\u00e7o.\n<\/p>\n<p>Nas conversas, Lamacchia tamb\u00e9m mostrou-se impressionado positivamente com a atmosfera de \u201ccaldeir\u00e3o\u201d de S\u00e3o Janu\u00e1rio, com a proximidade das arquibancadas, e ouviu sobre o projeto da reforma do est\u00e1dio. Ele tamb\u00e9m relatou surpresa e felicidade quando viu uma bandeira em sua homenagem: uma foto ao lado do pai, Jos\u00e9 Roberto Lamacchia, com a mensagem \u201cbem-vindo \u00e0 Barreira do Vasco\u201d.\n<\/p>\n<p>Vestido com o novo terceiro uniforme do clube, o empres\u00e1rio circulou pelo gramado, acenou a torcedores e ouviu alguns c\u00e2nticos da torcida em sua homenagem. Ao lado do presidente Pedrinho, Lamacchia assistiu ao primeiro tempo na sala da presid\u00eancia do clube, localizada \u00e0 direita da arquibancada social. No segundo tempo, o empres\u00e1rio acompanhou a confirma\u00e7\u00e3o da vit\u00f3ria vasca\u00edna nas tribunas.\n<\/p>\n<p>Ap\u00f3s a partida, Lamacchia e Junqueira estiveram brevemente no vesti\u00e1rio do Vasco para cumprimentar os jogadores e parabenizar pelo resultado. N\u00e3o houve uma conversa formal entre os atletas e os empres\u00e1rios. Pedrinho, Admar Lopes e demais membros da alta c\u00fapula vasca\u00edna tamb\u00e9m estiveram presentes no vesti\u00e1rio ap\u00f3s a partida, como de praxe.\n<\/p>\n<p>Com sorriso largo, o empres\u00e1rio ainda permaneceu por mais alguns minutos na \u00e1rea externa do est\u00e1dio, onde conversou brevemente com alguns torcedores e membros da diretoria do Vasco antes deixar S\u00e3o Janu\u00e1rio.\n<\/p>\n<p>Fonte: ge<\/p>\n<\/div>\n","protected":false},"excerpt":{"rendered":"<p>Confira detalhes da presen\u00e7a de Marcos Lamacchia em S\u00e3o Janu\u00e1rio para acompanhar o jogo contra o Cruzeiro Marcos Lamacchia vai<\/p>\n","protected":false},"author":1,"featured_media":0,"comment_status":"","ping_status":"","sticky":false,"template":"","format":"standard","meta":{"colormag_page_container_layout":"default_layout","colormag_page_sidebar_layout":"default_layout","footnotes":""},"categories":[1],"tags":[],"class_list":["post-92000","post","type-post","status-publish","format-standard","hentry","category-sem-categoria"],"_links":{"self":[{"href":"https:\/\/euvivoaselecao.com.br\/index.php\/wp-json\/wp\/v2\/posts\/92000","targetHints":{"allow":["GET"]}}],"collection":[{"href":"https:\/\/euvivoaselecao.com.br\/index.php\/wp-json\/wp\/v2\/posts"}],"about":[{"href":"https:\/\/euvivoaselecao.com.br\/index.php\/wp-json\/wp\/v2\/types\/post"}],"author":[{"embeddable":true,"href":"https:\/\/euvivoaselecao.com.br\/index.php\/wp-json\/wp\/v2\/users\/1"}],"replies":[{"embeddable":true,"href":"https:\/\/euvivoaselecao.com.br\/index.php\/wp-json\/wp\/v2\/comments?post=92000"}],"version-history":[{"count":0,"href":"https:\/\/euvivoaselecao.com.br\/index.php\/wp-json\/wp\/v2\/posts\/92000\/revisions"}],"wp:attachment":[{"href":"https:\/\/euvivoaselecao.com.br\/index.php\/wp-json\/wp\/v2\/media?parent=92000"}],"wp:term":[{"taxonomy":"category","embeddable":true,"href":"https:\/\/euvivoaselecao.com.br\/index.php\/wp-json\/wp\/v2\/categories?post=92000"},{"taxonomy":"post_tag","embeddable":true,"href":"https:\/\/euvivoaselecao.com.br\/index.php\/wp-json\/wp\/v2\/tags?post=92000"}],"curies":[{"name":"wp","href":"https:\/\/api.w.org\/{rel}","templated":true}]}}