{"id":92139,"date":"2026-09-01T23:10:16","date_gmt":"2026-09-02T02:10:16","guid":{"rendered":"https:\/\/euvivoaselecao.com.br\/index.php\/2026\/09\/01\/pedrinho-os-emprestimos-fazem-parte-do-plano-da-recuperacao-judicial\/"},"modified":"2026-09-01T23:10:16","modified_gmt":"2026-09-02T02:10:16","slug":"pedrinho-os-emprestimos-fazem-parte-do-plano-da-recuperacao-judicial","status":"publish","type":"post","link":"https:\/\/euvivoaselecao.com.br\/index.php\/2026\/09\/01\/pedrinho-os-emprestimos-fazem-parte-do-plano-da-recuperacao-judicial\/","title":{"rendered":"Pedrinho: &#8216;Os empr\u00e9stimos fazem parte do plano da recupera\u00e7\u00e3o judicial&#8217;"},"content":{"rendered":"<p><\/p>\n<div>PLANT\u00c3O DO VASCO! PEDRINHO SOLTA O VERBO! DIRETO DO AEROPORTO! CRVG FAZ A EXIG\u00caNCIA POR EMPR\u00c9STIMO!<br \/>\n<center><\/p>\n<p><iframe loading=\"lazy\" title=\"PLANT\u00c3O DO VASCO! PEDRINHO SOLTA O VERBO! DIRETO DO AEROPORTO! CRVG FAZ A EXIG\u00caNCIA POR EMPR\u00c9STIMO!\" width=\"800\" height=\"450\" src=\"https:\/\/www.youtube.com\/embed\/Ypia1tVo9yI?feature=oembed\" frameborder=\"0\" allow=\"accelerometer; autoplay; clipboard-write; encrypted-media; gyroscope; picture-in-picture; web-share\" referrerpolicy=\"strict-origin-when-cross-origin\" allowfullscreen><\/iframe><\/p>\n<p><\/center><\/p>\n<p>Fonte: Youtube BTB Sports\n<\/p>\n<p><b>Pedrinho pede que Justi\u00e7a inicie o leil\u00e3o da SAF do Vasco e libere o empr\u00e9stimo de R$ 150 milh\u00f5es<\/b>\n<\/p>\n<p>O presidente do Vasco, Pedrinho, pediu nesta segunda-feira que a Justi\u00e7a libere o in\u00edcio do leil\u00e3o da SAF do clube. Antes do embarque para Salvador, onde o Vasco enfrenta o Vit\u00f3ria pela volta das quartas de final da Copa do Brasil, o dirigente voltou a defender o avan\u00e7o do processo de venda e afirmou que a atual gest\u00e3o tem feito um trabalho de reorganiza\u00e7\u00e3o financeira desde que assumiu o comando da SAF.\n<\/p>\n<p>\u2014 Ent\u00e3o eu pe\u00e7o mais uma vez encarecidamente ao Poder Judici\u00e1rio que ele avalie todo o processo que foi feito desde a minha entrada na SAF, de como estava e de como est\u00e1 hoje, a seriedade com que n\u00f3s fizemos todo o trabalho de recupera\u00e7\u00e3o financeira do clube.\n<\/p>\n<p>Ele tamb\u00e9m afirmou que David viajar\u00e1 para a Bahia.\n<\/p>\n<p>Pedrinho afirmou que encontrou um cen\u00e1rio dif\u00edcil quando assumiu a SAF, com muitas pend\u00eancias, e que a gest\u00e3o passou a organizar os pagamentos. Segundo ele, desde sua chegada n\u00e3o houve atraso nos compromissos assumidos pelo clube, e o presidente pediu para que a Justi\u00e7a leve isso em considera\u00e7\u00e3o.\n<\/p>\n<p>\u2014 Na recupera\u00e7\u00e3o judicial, tem todo um processo anterior que a gente precisa elaborar para que a recupera\u00e7\u00e3o judicial seja aprovado. Ent\u00e3o, pela Justi\u00e7a \u00e9 um termo que a gente chama de gest\u00e3o de boa f\u00e9. Quando eu saio da associa\u00e7\u00e3o, obviamente entro para a SAF, exercendo as duas fun\u00e7\u00f5es, eu chego na SAF e encontro um cen\u00e1rio bem dif\u00edcil, com muitas pend\u00eancias. E a gente faz um mecanismo financeiro para que a gente organize todos os pagamentos. Isso \u00e9 feito com muito m\u00e9rito, trabalho e muito suor.\n<\/p>\n<p>\u2014 Ent\u00e3o, desde que eu entrei, a gente n\u00e3o atrasou nada, a gente cumpriu todos os compromissos, at\u00e9 compromissos que tinham sido falados com alguns atletas e n\u00e3o tinham colocado no contrato. Obviamente com testemunha, tivemos que refazer o contrato para cumprir aquilo que tinha sido apalavrado e n\u00e3o tinha sido colocado em contrato. Ent\u00e3o, desde que eu entrei, eu prometi honrar tudo e honro at\u00e9 hoje.\n<\/p>\n<p>Recupera\u00e7\u00e3o judicial\n<\/p>\n<p>O presidente tamb\u00e9m lembrou que o plano de recupera\u00e7\u00e3o judicial foi aprovado por 97,7% dos credores e posteriormente homologado pela Justi\u00e7a. Pedrinho destacou que os empr\u00e9stimos fazem parte do plano e contestou a avalia\u00e7\u00e3o de que a necessidade de novos cr\u00e9ditos seria sinal de desorganiza\u00e7\u00e3o financeira.\n<\/p>\n<p>\u2014 Depois de uma aprova\u00e7\u00e3o dos credores de 97,7%, quase 100% de aprova\u00e7\u00e3o dos credores, foi homologado o plano de recupera\u00e7\u00e3o judicial em ju\u00edzo. Ent\u00e3o todos os empr\u00e9stimos est\u00e3o dentro do plano. Eu n\u00e3o tiro o empr\u00e9stimo da minha cabe\u00e7a, e se eu j\u00e1 repeti\u2026 estou falando isso novamente. Por qu\u00ea? Porque os empr\u00e9stimos fazem parte do plano da recupera\u00e7\u00e3o judicial, e muitas pessoas falam: \u201cN\u00e3o, o Vasco est\u00e1 desorganizado porque est\u00e1 pegando empr\u00e9stimo toda hora\u201d. N\u00e3o, ao contr\u00e1rio, n\u00f3s estamos organizados e isso faz parte da organiza\u00e7\u00e3o financeira.\n<\/p>\n<p>Pedrinho tamb\u00e9m explicou que, antes da homologa\u00e7\u00e3o do plano, o Vasco renegociou d\u00edvidas com credores para demonstrar boa-f\u00e9 no processo.\n<\/p>\n<p>\u2014 Antes do plano de recupera\u00e7\u00e3o judicial, a gente entra com uma medida cautelar antecedente. Eu renegocio algumas d\u00edvidas com alguns credores antes do plano para mostrar a gest\u00e3o de boa f\u00e9, e assim a gente ir cumprindo. O plano de recupera\u00e7\u00e3o judicial exige muitas coisas pessoais e profissionais. Todos j\u00e1 sabem que para entrar no plano de recupera\u00e7\u00e3o judicial eu tenho que colocar o meu patrim\u00f4nio ali, e assim foi feito.\n<\/p>\n<p>Fonte: ge<\/p>\n<\/div>\n","protected":false},"excerpt":{"rendered":"<p>PLANT\u00c3O DO VASCO! PEDRINHO SOLTA O VERBO! DIRETO DO AEROPORTO! CRVG FAZ A EXIG\u00caNCIA POR EMPR\u00c9STIMO! Fonte: Youtube BTB Sports<\/p>\n","protected":false},"author":1,"featured_media":0,"comment_status":"","ping_status":"","sticky":false,"template":"","format":"standard","meta":{"colormag_page_container_layout":"default_layout","colormag_page_sidebar_layout":"default_layout","footnotes":""},"categories":[1],"tags":[],"class_list":["post-92139","post","type-post","status-publish","format-standard","hentry","category-sem-categoria"],"_links":{"self":[{"href":"https:\/\/euvivoaselecao.com.br\/index.php\/wp-json\/wp\/v2\/posts\/92139","targetHints":{"allow":["GET"]}}],"collection":[{"href":"https:\/\/euvivoaselecao.com.br\/index.php\/wp-json\/wp\/v2\/posts"}],"about":[{"href":"https:\/\/euvivoaselecao.com.br\/index.php\/wp-json\/wp\/v2\/types\/post"}],"author":[{"embeddable":true,"href":"https:\/\/euvivoaselecao.com.br\/index.php\/wp-json\/wp\/v2\/users\/1"}],"replies":[{"embeddable":true,"href":"https:\/\/euvivoaselecao.com.br\/index.php\/wp-json\/wp\/v2\/comments?post=92139"}],"version-history":[{"count":0,"href":"https:\/\/euvivoaselecao.com.br\/index.php\/wp-json\/wp\/v2\/posts\/92139\/revisions"}],"wp:attachment":[{"href":"https:\/\/euvivoaselecao.com.br\/index.php\/wp-json\/wp\/v2\/media?parent=92139"}],"wp:term":[{"taxonomy":"category","embeddable":true,"href":"https:\/\/euvivoaselecao.com.br\/index.php\/wp-json\/wp\/v2\/categories?post=92139"},{"taxonomy":"post_tag","embeddable":true,"href":"https:\/\/euvivoaselecao.com.br\/index.php\/wp-json\/wp\/v2\/tags?post=92139"}],"curies":[{"name":"wp","href":"https:\/\/api.w.org\/{rel}","templated":true}]}}