{"id":92140,"date":"2026-09-01T23:46:24","date_gmt":"2026-09-02T02:46:24","guid":{"rendered":"https:\/\/euvivoaselecao.com.br\/index.php\/2026\/09\/01\/confira-o-calendario-das-acoes-de-educacao-no-transito-para-setembro-agencia-de-noticias\/"},"modified":"2026-09-01T23:46:24","modified_gmt":"2026-09-02T02:46:24","slug":"confira-o-calendario-das-acoes-de-educacao-no-transito-para-setembro-agencia-de-noticias","status":"publish","type":"post","link":"https:\/\/euvivoaselecao.com.br\/index.php\/2026\/09\/01\/confira-o-calendario-das-acoes-de-educacao-no-transito-para-setembro-agencia-de-noticias\/","title":{"rendered":"Confira o calend\u00e1rio das a\u00e7\u00f5es de Educa\u00e7\u00e3o no Tr\u00e2nsito para setembro \u2013 Ag\u00eancia de Not\u00edcias"},"content":{"rendered":"<p><\/p>\n<div wp_automatic_readability=\"31\">\n<div class=\"col\" wp_automatic_readability=\"7\">\n<p class=\"mt-0\">\n\t\t\t\t\t\t<strong><br \/>\n\t\t\t\t\t\t\t<span class=\"far fa-calendar mr-1 mt-2\"\/><br \/>\n\t\t\t\t\t\t\t1 de setembro de 2026<br \/>\n\t\t\t\t\t\t\t<span class=\"far fa-clock ml-3 mt-2\"\/><br \/>\n\t\t\t\t\t\t\t16:00<br \/>\n\t\t\t\t\t\t<\/strong>\n\t\t\t\t\t<\/p>\n<p class=\"mb-0\">Por: <strong>Vinicius Castanho<\/strong><\/p>\n<\/p><\/div>\n<\/p><\/div>\n<div wp_automatic_readability=\"127.33224649495\">\n<p class=\"\">A Prefeitura de Sorocaba, por meio da Secretaria de Mobilidade (Semob), iniciou nesta ter\u00e7a-feira (1\u00ba) a programa\u00e7\u00e3o da \u00e1rea de Educa\u00e7\u00e3o no Tr\u00e2nsito para o m\u00eas de setembro, em que se comemora a Semana Nacional do Tr\u00e2nsito. At\u00e9 o pr\u00f3ximo dia 30, o setor vai promover um total de 45 a\u00e7\u00f5es voltadas a crian\u00e7as, adolescentes, motoristas, motociclistas, passageiros, ciclistas e pedestres, em escolas, institui\u00e7\u00f5es, ruas, avenidas e outros espa\u00e7os p\u00fablicos da cidade.<\/p>\n<p class=\"\">Nesta ter\u00e7a-feira (1\u00ba), de manh\u00e3 e \u00e0 tarde, a Semob apresentou a pe\u00e7a teatral \u201cAgentes em A\u00e7\u00e3o\u201d, aos atendidos pela Associa\u00e7\u00e3o Social Comunidade de Amor (Asca), no Jardim Sorocabano. Na quarta-feira (2), h\u00e1 duas atividades no Centro: blitze educativa sobre os riscos do uso do celular ao volante, das 9h \u00e0s 11h, na Pra\u00e7a Doutor Ferreira Braga (Largo do Ros\u00e1rio), e Faixa Viva, voltada aos cuidados com os pedestres, na Avenida Ces\u00e1rio Mota, nas alturas das Pra\u00e7as Frei Bara\u00fana e Carlos de Campos.<\/p>\n<p class=\"\">Na quinta-feira (3), nos per\u00edodos da manh\u00e3 e da tarde, os alunos do Col\u00e9gio Eureka, no Jardim Paran\u00e1, assistem \u00e0 pe\u00e7a teatral \u201cSuper Amarelinho. J\u00e1 na sexta-feira (4), das 14h \u00e0s 16h, os funcion\u00e1rios da Santa Casa participam de uma palestra de \u201cEduca\u00e7\u00e3o no Tr\u00e2nsito\u201d.<\/p>\n<p class=\"\">Ainda na sexta, a Semob promove duas blitze educativas na regi\u00e3o central: das 9h \u00e0s 11h, sobre \u201c\u00c1lcool x Dire\u00e7\u00e3o\u201d, na Avenida Afonso Vergueiro (altura da Pra\u00e7a da Bandeira) e na Avenida Moreira C\u00e9sar (sem\u00e1foro da Pra\u00e7a Nove de Julho). Das 14h \u00e0s 17h, com o tema \u201cPedale Seguro\u201d, haver\u00e1 atividade na ciclovia do Parque das \u00c1guas, no Jardim Abaet\u00e9.<\/p>\n<p><strong>Orienta\u00e7\u00e3o e preven\u00e7\u00e3o<\/strong><\/p>\n<p class=\"\">A Semob promove, ao longo do ano todo, a\u00e7\u00f5es com car\u00e1ter orientativo e preventivo sobre as infra\u00e7\u00f5es e causas de acidentes mais comuns, por exemplo, a proibi\u00e7\u00e3o do uso de celular e bebidas alco\u00f3licas por condutores, a obrigatoriedade de dar seta em convers\u00f5es e o respeito \u00e0s sinaliza\u00e7\u00f5es de sem\u00e1foros, \u201cPare\u201d e faixas de pedestres. Em 2026, mais de 100 mil pessoas participaram de mais de 300 atividades educativas voltadas a crian\u00e7as, adolescentes, motoristas, motociclistas, passageiros, ciclistas e pedestres.<\/p>\n<p class=\"\">Entre as iniciativas desenvolvidas, est\u00e3o palestras em escolas p\u00fablicas e particulares, empresas, institui\u00e7\u00f5es e \u00f3rg\u00e3os p\u00fablicos; blitze educativas em cruzamentos vi\u00e1rios; distribui\u00e7\u00e3o de materiais informativos em vias p\u00fablicas, sem\u00e1foros e terminais; pain\u00e9is informativos, em canteiros centrais e pontos de \u00f4nibus; e programa\u00e7\u00f5es especiais, como o Maio Amarelo, por exemplo.<\/p>\n<p class=\"\">O contato com o setor de Educa\u00e7\u00e3o para o Tr\u00e2nsito da Semob, inclusive para agendar palestras em empresas e entidades, al\u00e9m de apresenta\u00e7\u00f5es em escolas, pode ser feito pelo site: www.urbes.com.br. Basta clicar em \u201cOuvidoria\u201d, selecionar o assunto \u201cEduca\u00e7\u00e3o para o Tr\u00e2nsito\u201d e em \u201cAbrir Manifesta\u00e7\u00e3o\u201d para enviar sua solicita\u00e7\u00e3o.<\/p>\n<p>Confira o calend\u00e1rio completo das atividades educativas de tr\u00e2nsito da Semob para o m\u00eas de setembro abaixo:<\/p>\n<p><!-- Root element of PhotoSwipe. Must have class pswp. --><\/p><\/div>\n","protected":false},"excerpt":{"rendered":"<p>1 de setembro de 2026 16:00 Por: Vinicius Castanho A Prefeitura de Sorocaba, por meio da Secretaria de Mobilidade (Semob),<\/p>\n","protected":false},"author":1,"featured_media":0,"comment_status":"","ping_status":"","sticky":false,"template":"","format":"standard","meta":{"colormag_page_container_layout":"default_layout","colormag_page_sidebar_layout":"default_layout","footnotes":""},"categories":[1],"tags":[],"class_list":["post-92140","post","type-post","status-publish","format-standard","hentry","category-sem-categoria"],"_links":{"self":[{"href":"https:\/\/euvivoaselecao.com.br\/index.php\/wp-json\/wp\/v2\/posts\/92140","targetHints":{"allow":["GET"]}}],"collection":[{"href":"https:\/\/euvivoaselecao.com.br\/index.php\/wp-json\/wp\/v2\/posts"}],"about":[{"href":"https:\/\/euvivoaselecao.com.br\/index.php\/wp-json\/wp\/v2\/types\/post"}],"author":[{"embeddable":true,"href":"https:\/\/euvivoaselecao.com.br\/index.php\/wp-json\/wp\/v2\/users\/1"}],"replies":[{"embeddable":true,"href":"https:\/\/euvivoaselecao.com.br\/index.php\/wp-json\/wp\/v2\/comments?post=92140"}],"version-history":[{"count":0,"href":"https:\/\/euvivoaselecao.com.br\/index.php\/wp-json\/wp\/v2\/posts\/92140\/revisions"}],"wp:attachment":[{"href":"https:\/\/euvivoaselecao.com.br\/index.php\/wp-json\/wp\/v2\/media?parent=92140"}],"wp:term":[{"taxonomy":"category","embeddable":true,"href":"https:\/\/euvivoaselecao.com.br\/index.php\/wp-json\/wp\/v2\/categories?post=92140"},{"taxonomy":"post_tag","embeddable":true,"href":"https:\/\/euvivoaselecao.com.br\/index.php\/wp-json\/wp\/v2\/tags?post=92140"}],"curies":[{"name":"wp","href":"https:\/\/api.w.org\/{rel}","templated":true}]}}