{"id":92142,"date":"2026-09-01T23:52:24","date_gmt":"2026-09-02T02:52:24","guid":{"rendered":"https:\/\/euvivoaselecao.com.br\/index.php\/2026\/09\/01\/especulado-no-vasco-zagueiro-arthur-chaves-acerta-com-o-botafogo\/"},"modified":"2026-09-01T23:52:24","modified_gmt":"2026-09-02T02:52:24","slug":"especulado-no-vasco-zagueiro-arthur-chaves-acerta-com-o-botafogo","status":"publish","type":"post","link":"https:\/\/euvivoaselecao.com.br\/index.php\/2026\/09\/01\/especulado-no-vasco-zagueiro-arthur-chaves-acerta-com-o-botafogo\/","title":{"rendered":"Especulado no Vasco, zagueiro Arthur Chaves acerta com o Botafogo"},"content":{"rendered":"<p><\/p>\n<div>\n<div>\n<p>O Botafogo acertou nesta ter\u00e7a-feira (1\u00ba) a contrata\u00e7\u00e3o do zagueiro Arthur Chaves, de 25 anos, do Hoffenheim, da Alemanha.\n<\/p>\n<p>O neg\u00f3cio foi fechado por empr\u00e9stimo de um ano, com obriga\u00e7\u00e3o de compra caso o atleta atinja metas estipuladas.\n<\/p>\n<p>A informa\u00e7\u00e3o foi divulgada inicialmente pela Sky Sports e confirmada pela ESPN.\n<\/p>\n<p>O Alvinegro vai pagar 1 milh\u00e3o de euros (R$ 6 milh\u00f5es) pelo empr\u00e9stimo. Ap\u00f3s a cess\u00e3o, pagar\u00e1 mais 6 milh\u00f5es de euros (R$ 36 milh\u00f5es) para adquirir o jogador em definitivo.\n<\/p>\n<p>Nos bastidores, o Glorioso sempre tratou o nome de Arthur Chaves como a primeira op\u00e7\u00e3o. Por\u00e9m, no in\u00edcio da janela de transfer\u00eancias, o time carioca considerava \u201cimposs\u00edvel\u201d conseguir o empr\u00e9stimo.\n<\/p>\n<p>O time carioca tratou com paci\u00eancia a situa\u00e7\u00e3o e foi tentando outros nomes, mas o Hoffenheim acabou flexibilizando e o neg\u00f3cio aconteceu.\n<\/p>\n<p>Na an\u00e1lise do departamento de scout do Glorioso, Arthur Chaves se enquadra no perfil desejado pelo clube: um zagueiro r\u00e1pido, jovem, com margem para evolu\u00e7\u00e3o e potencial de sele\u00e7\u00e3o.\n<\/p>\n<p>O Vasco e o S\u00e3o Paulo tamb\u00e9m chegaram a sondar a contrata\u00e7\u00e3o do atleta, mas n\u00e3o avan\u00e7aram.\n<\/p>\n<p>Pr\u00f3ximos jogos do Botafogo:\n<\/p>\n<p>Palmeiras (C) \u2013 06\/09, 18h30 (de Bras\u00edlia) \u2013 Brasileir\u00e3o\n<\/p>\n<p>Red Bull Bragantino (C) \u2013 a definir \u2013 Brasileir\u00e3o\n<\/p>\n<p>Mirassol (F) \u2013 a definir \u2013 Brasileir\u00e3o\n<\/p>\n<p>Fonte: ESPN<\/p>\n<\/div>\n<p><!-- CONTENT END 2 -->\n<\/div>\n","protected":false},"excerpt":{"rendered":"<p>O Botafogo acertou nesta ter\u00e7a-feira (1\u00ba) a contrata\u00e7\u00e3o do zagueiro Arthur Chaves, de 25 anos, do Hoffenheim, da Alemanha. O<\/p>\n","protected":false},"author":1,"featured_media":0,"comment_status":"","ping_status":"","sticky":false,"template":"","format":"standard","meta":{"colormag_page_container_layout":"default_layout","colormag_page_sidebar_layout":"default_layout","footnotes":""},"categories":[1],"tags":[],"class_list":["post-92142","post","type-post","status-publish","format-standard","hentry","category-sem-categoria"],"_links":{"self":[{"href":"https:\/\/euvivoaselecao.com.br\/index.php\/wp-json\/wp\/v2\/posts\/92142","targetHints":{"allow":["GET"]}}],"collection":[{"href":"https:\/\/euvivoaselecao.com.br\/index.php\/wp-json\/wp\/v2\/posts"}],"about":[{"href":"https:\/\/euvivoaselecao.com.br\/index.php\/wp-json\/wp\/v2\/types\/post"}],"author":[{"embeddable":true,"href":"https:\/\/euvivoaselecao.com.br\/index.php\/wp-json\/wp\/v2\/users\/1"}],"replies":[{"embeddable":true,"href":"https:\/\/euvivoaselecao.com.br\/index.php\/wp-json\/wp\/v2\/comments?post=92142"}],"version-history":[{"count":0,"href":"https:\/\/euvivoaselecao.com.br\/index.php\/wp-json\/wp\/v2\/posts\/92142\/revisions"}],"wp:attachment":[{"href":"https:\/\/euvivoaselecao.com.br\/index.php\/wp-json\/wp\/v2\/media?parent=92142"}],"wp:term":[{"taxonomy":"category","embeddable":true,"href":"https:\/\/euvivoaselecao.com.br\/index.php\/wp-json\/wp\/v2\/categories?post=92142"},{"taxonomy":"post_tag","embeddable":true,"href":"https:\/\/euvivoaselecao.com.br\/index.php\/wp-json\/wp\/v2\/tags?post=92142"}],"curies":[{"name":"wp","href":"https:\/\/api.w.org\/{rel}","templated":true}]}}