{"id":92148,"date":"2026-09-02T03:22:21","date_gmt":"2026-09-02T06:22:21","guid":{"rendered":"https:\/\/euvivoaselecao.com.br\/index.php\/2026\/09\/02\/em-depoimento-a-policia-civil-david-admitiu-conhecer-investigados-mas-negou-envolvimento\/"},"modified":"2026-09-02T03:22:21","modified_gmt":"2026-09-02T06:22:21","slug":"em-depoimento-a-policia-civil-david-admitiu-conhecer-investigados-mas-negou-envolvimento","status":"publish","type":"post","link":"https:\/\/euvivoaselecao.com.br\/index.php\/2026\/09\/02\/em-depoimento-a-policia-civil-david-admitiu-conhecer-investigados-mas-negou-envolvimento\/","title":{"rendered":"Em depoimento \u00e0 Pol\u00edcia Civil, David admitiu conhecer investigados, mas negou envolvimento"},"content":{"rendered":"<p><\/p>\n<p>Em depoimento \u00e0 Pol\u00edcia Civil, David admitiu conhecer investigados, mas negou envolvimento<\/p>\n<div>\n<p>Em depoimento \u00e0 Pol\u00edcia Civil nesta segunda-feira, o atacante David Corr\u00eaa, do Vasco, admitiu ter conhecidos no Esp\u00edrito Santo, onde cresceu, ligados \u00e0 investiga\u00e7\u00e3o, mas negou qualquer participa\u00e7\u00e3o em tr\u00e1fico de armas e drogas, segundo o blog apurou.\n<\/p>\n<p>O jogador teve o celular apreendido depois de ser alvo de um mandado de busca e apreens\u00e3o no Rio, e no aparelho os agentes estariam atr\u00e1s de conversas com um dos alvos da opera\u00e7\u00e3o, que investiga uma organiza\u00e7\u00e3o criminosa de atua\u00e7\u00e3o interestadual, com origem no Esp\u00edrito Santo.\n<\/p>\n<p>David refor\u00e7ou que, apesar de ter conhecimento sobre poss\u00edveis investigados no estado vizinho, n\u00e3o tem no\u00e7\u00e3o alguma sobre poss\u00edveis crimes cometidos e quem estaria envolvido em cada caso apurado.\n<\/p>\n<p>Advogados do Vasco que tiveram acesso ao depoimento afirmam que David n\u00e3o tem nenhuma implica\u00e7\u00e3o no caso, mas o clube mant\u00e9m o suporte jur\u00eddico. O empres\u00e1rio Andr\u00e9 Cury, que cuida da carreira de David Corr\u00eaa, j\u00e1 havia negado ao blog qualquer envolvimento do jogador com o crime.\n<\/p>\n<p>\u2013 N\u00e3o tem nada. N\u00e3o h\u00e1 qualquer risco para ele. David \u00e9 profissional. Para pedir esclarecimentos n\u00e3o precisava mandar busca e apreens\u00e3o, fazer toda essa tempestade \u2013 lamentou Andr\u00e9 Cury.\n<\/p>\n<p>Segundo o empres\u00e1rio, David tem origem humilde como quase todos os jogadores de futebol no Brasil e veio da periferia, o que n\u00e3o quer dizer que ele tenha envolvimento com o crime organizado.\n<\/p>\n<p>\u2013 Parece que foram l\u00e1 para prender os caras de uma fac\u00e7\u00e3o. O jogador nasce na periferia, os amigos s\u00e3o de l\u00e1, os que n\u00e3o viram jogador viram o que? Normalmente, 30% dos amigos v\u00e3o pro lado errado. O cara n\u00e3o fez p\u2026 nenhuma \u2013 completou Cury.\n<\/p>\n<p>A opera\u00e7\u00e3o apura a atua\u00e7\u00e3o do grupo, que possui ramifica\u00e7\u00f5es em diferentes estados. Segundo as investiga\u00e7\u00f5es, tamb\u00e9m s\u00e3o analisados poss\u00edveis envolvimentos de outros atletas profissionais e empres\u00e1rios com a quadrilha. No Rio de Janeiro, a a\u00e7\u00e3o \u00e9 coordenada pela 14\u00aa DP (Leblon), com apoio da Delegacia de Repress\u00e3o a Armas e Explosivos (Desarme) e de outras unidades do Departamento Geral de Pol\u00edcia da Capital (DGPC).\n<\/p>\n<p><b>Entenda a opera\u00e7\u00e3o<\/b>\n<\/p>\n<p>A opera\u00e7\u00e3o re\u00fane as pol\u00edcias civis dos estados no cumprimento de medidas judiciais e no combate a organiza\u00e7\u00f5es criminosas com atua\u00e7\u00e3o interestadual. As dilig\u00eancias ocorrem em munic\u00edpios da Grande Vit\u00f3ria e em Afonso Cl\u00e1udio, no Esp\u00edrito Santo. H\u00e1 ainda alvos no Rio de Janeiro, em Goi\u00e1s e no Distrito Federal.\n<\/p>\n<p>O objetivo \u00e9 cumprir quatro mandados de pris\u00e3o tempor\u00e1ria e 15 mandados de busca e apreens\u00e3o. Os alvos s\u00e3o investigados pela pr\u00e1tica dos crimes de organiza\u00e7\u00e3o criminosa, tr\u00e1fico de drogas e de armas e lavagem de dinheiro.\n<\/p>\n<p>A a\u00e7\u00e3o mobiliza aproximadamente 100 policiais e conta com o apoio operacional da Superintend\u00eancia de Pol\u00edica Especializada (SPE), da Coordenadoria de Recursos Especiais (Core) e do N\u00facleo de Opera\u00e7\u00f5es e Transporte A\u00e9reo (Notaer).\n<\/p>\n<p>O nome \u201cOpera\u00e7\u00e3o A Tropa\u201d foi dado em refer\u00eancia \u00e0 autodenomina\u00e7\u00e3o utilizada pelos pr\u00f3prios investigados ao se referirem ao grupo criminoso.\n<\/p>\n<p>Fonte: O Globo<\/p>\n<\/div>\n","protected":false},"excerpt":{"rendered":"<p>Em depoimento \u00e0 Pol\u00edcia Civil, David admitiu conhecer investigados, mas negou envolvimento Em depoimento \u00e0 Pol\u00edcia Civil nesta segunda-feira, o<\/p>\n","protected":false},"author":1,"featured_media":0,"comment_status":"","ping_status":"","sticky":false,"template":"","format":"standard","meta":{"colormag_page_container_layout":"default_layout","colormag_page_sidebar_layout":"default_layout","footnotes":""},"categories":[1],"tags":[],"class_list":["post-92148","post","type-post","status-publish","format-standard","hentry","category-sem-categoria"],"_links":{"self":[{"href":"https:\/\/euvivoaselecao.com.br\/index.php\/wp-json\/wp\/v2\/posts\/92148","targetHints":{"allow":["GET"]}}],"collection":[{"href":"https:\/\/euvivoaselecao.com.br\/index.php\/wp-json\/wp\/v2\/posts"}],"about":[{"href":"https:\/\/euvivoaselecao.com.br\/index.php\/wp-json\/wp\/v2\/types\/post"}],"author":[{"embeddable":true,"href":"https:\/\/euvivoaselecao.com.br\/index.php\/wp-json\/wp\/v2\/users\/1"}],"replies":[{"embeddable":true,"href":"https:\/\/euvivoaselecao.com.br\/index.php\/wp-json\/wp\/v2\/comments?post=92148"}],"version-history":[{"count":0,"href":"https:\/\/euvivoaselecao.com.br\/index.php\/wp-json\/wp\/v2\/posts\/92148\/revisions"}],"wp:attachment":[{"href":"https:\/\/euvivoaselecao.com.br\/index.php\/wp-json\/wp\/v2\/media?parent=92148"}],"wp:term":[{"taxonomy":"category","embeddable":true,"href":"https:\/\/euvivoaselecao.com.br\/index.php\/wp-json\/wp\/v2\/categories?post=92148"},{"taxonomy":"post_tag","embeddable":true,"href":"https:\/\/euvivoaselecao.com.br\/index.php\/wp-json\/wp\/v2\/tags?post=92148"}],"curies":[{"name":"wp","href":"https:\/\/api.w.org\/{rel}","templated":true}]}}