{"id":92211,"date":"2026-09-03T00:24:45","date_gmt":"2026-09-03T03:24:45","guid":{"rendered":"https:\/\/euvivoaselecao.com.br\/index.php\/2026\/09\/03\/veja-fotos-do-vestiario-do-vasco-no-barradao-2\/"},"modified":"2026-09-03T00:24:45","modified_gmt":"2026-09-03T03:24:45","slug":"veja-fotos-do-vestiario-do-vasco-no-barradao-2","status":"publish","type":"post","link":"https:\/\/euvivoaselecao.com.br\/index.php\/2026\/09\/03\/veja-fotos-do-vestiario-do-vasco-no-barradao-2\/","title":{"rendered":"Veja fotos do vesti\u00e1rio do Vasco no Barrad\u00e3o"},"content":{"rendered":"<p><\/p>\n<p>Veja fotos do vesti\u00e1rio do Vasco no Barrad\u00e3o Quarta-feira, 02\/09\/2026 \u2013 20:54 vascodagama \ud83d\udd1b\ud83d\udca2 \ud83d\udcf8: Matheus Lima | #VascoDaGama #VITxVAS #CopaDoBrasil2026 Fonte: Instagram oficial do Vasco<\/p>\n<p>O conte\u00fado Veja fotos do vesti\u00e1rio do Vasco no Barrad\u00e3o aparece primeiro em VASCONet.<\/p>\n","protected":false},"excerpt":{"rendered":"<p>Veja fotos do vesti\u00e1rio do Vasco no Barrad\u00e3o Quarta-feira, 02\/09\/2026 \u2013 20:54 vascodagama \ud83d\udd1b\ud83d\udca2 \ud83d\udcf8: Matheus Lima | #VascoDaGama #VITxVAS<\/p>\n","protected":false},"author":1,"featured_media":0,"comment_status":"","ping_status":"","sticky":false,"template":"","format":"standard","meta":{"colormag_page_container_layout":"default_layout","colormag_page_sidebar_layout":"default_layout","footnotes":""},"categories":[1],"tags":[],"class_list":["post-92211","post","type-post","status-publish","format-standard","hentry","category-sem-categoria"],"_links":{"self":[{"href":"https:\/\/euvivoaselecao.com.br\/index.php\/wp-json\/wp\/v2\/posts\/92211","targetHints":{"allow":["GET"]}}],"collection":[{"href":"https:\/\/euvivoaselecao.com.br\/index.php\/wp-json\/wp\/v2\/posts"}],"about":[{"href":"https:\/\/euvivoaselecao.com.br\/index.php\/wp-json\/wp\/v2\/types\/post"}],"author":[{"embeddable":true,"href":"https:\/\/euvivoaselecao.com.br\/index.php\/wp-json\/wp\/v2\/users\/1"}],"replies":[{"embeddable":true,"href":"https:\/\/euvivoaselecao.com.br\/index.php\/wp-json\/wp\/v2\/comments?post=92211"}],"version-history":[{"count":0,"href":"https:\/\/euvivoaselecao.com.br\/index.php\/wp-json\/wp\/v2\/posts\/92211\/revisions"}],"wp:attachment":[{"href":"https:\/\/euvivoaselecao.com.br\/index.php\/wp-json\/wp\/v2\/media?parent=92211"}],"wp:term":[{"taxonomy":"category","embeddable":true,"href":"https:\/\/euvivoaselecao.com.br\/index.php\/wp-json\/wp\/v2\/categories?post=92211"},{"taxonomy":"post_tag","embeddable":true,"href":"https:\/\/euvivoaselecao.com.br\/index.php\/wp-json\/wp\/v2\/tags?post=92211"}],"curies":[{"name":"wp","href":"https:\/\/api.w.org\/{rel}","templated":true}]}}