{"id":92220,"date":"2026-09-03T04:38:49","date_gmt":"2026-09-03T07:38:49","guid":{"rendered":"https:\/\/euvivoaselecao.com.br\/index.php\/2026\/09\/03\/puma-rodriguez-se-isola-como-defensor-estrangeiro-com-mais-gols-na-historia-do-vasco\/"},"modified":"2026-09-03T04:38:49","modified_gmt":"2026-09-03T07:38:49","slug":"puma-rodriguez-se-isola-como-defensor-estrangeiro-com-mais-gols-na-historia-do-vasco","status":"publish","type":"post","link":"https:\/\/euvivoaselecao.com.br\/index.php\/2026\/09\/03\/puma-rodriguez-se-isola-como-defensor-estrangeiro-com-mais-gols-na-historia-do-vasco\/","title":{"rendered":"Puma Rodr\u00edguez se isola como defensor estrangeiro com mais gols na hist\u00f3ria do Vasco"},"content":{"rendered":"<p><\/p>\n<div>\n<p>O gol marcado por Puma Rodr\u00edguez sobre o Vit\u00f3ria, nesta quinta-feira, entrou na hist\u00f3ria do Vasco. O uruguaio tornou-se o defensor estrangeiro com mais gols na hist\u00f3ria do clube carioca.<\/p>\n<p>Aos 51 min do 2\u00ba tempo \u2013 gol de dentro da \u00e1rea de Puma Rodr\u00edguez do Vasco contra o Vit\u00f3ria<\/p>\n<p>Puma j\u00e1 era o dono do posto, mas agora ele se isolou na lideran\u00e7a \u2013 ele chegou a 15 gols pelo clube. O camisa 2 ultrapassou Sebasti\u00e1n Beracochea, campe\u00e3o carioca e titular do lend\u00e1rio Expresso da Vit\u00f3ria nos anos 40, que tem 14 gols.<\/p>\n<p>O Vasco contabiliza 16 gols para Puma, j\u00e1 que o clube tamb\u00e9m conta bolas na rede em amistosos na sua contagem. Em jogos oficiais, contudo, s\u00e3o 15 gols.<\/p>\n<p><b>Defensores estrangeiros com mais gols pelo Vasco<\/b><\/p>\n<ul class=\"listul\">\n<li>Puma Rodr\u00edguez (uruguaio): 15 gols<\/li>\n<li>Beracochea (uruguaio): 14 gols<\/li>\n<li>Figliola (uruguaio): 11 gols<\/li>\n<li>Dacunto (argentino): 4 gols<\/li>\n<li>Rafanelli (uruguaio): 3 gols<\/li>\n<\/ul>\n<p>Fonte: ge<\/p>\n<p><!-- CONTENT END 2 -->\n<\/div>\n","protected":false},"excerpt":{"rendered":"<p>O gol marcado por Puma Rodr\u00edguez sobre o Vit\u00f3ria, nesta quinta-feira, entrou na hist\u00f3ria do Vasco. O uruguaio tornou-se o<\/p>\n","protected":false},"author":1,"featured_media":0,"comment_status":"","ping_status":"","sticky":false,"template":"","format":"standard","meta":{"colormag_page_container_layout":"default_layout","colormag_page_sidebar_layout":"default_layout","footnotes":""},"categories":[1],"tags":[],"class_list":["post-92220","post","type-post","status-publish","format-standard","hentry","category-sem-categoria"],"_links":{"self":[{"href":"https:\/\/euvivoaselecao.com.br\/index.php\/wp-json\/wp\/v2\/posts\/92220","targetHints":{"allow":["GET"]}}],"collection":[{"href":"https:\/\/euvivoaselecao.com.br\/index.php\/wp-json\/wp\/v2\/posts"}],"about":[{"href":"https:\/\/euvivoaselecao.com.br\/index.php\/wp-json\/wp\/v2\/types\/post"}],"author":[{"embeddable":true,"href":"https:\/\/euvivoaselecao.com.br\/index.php\/wp-json\/wp\/v2\/users\/1"}],"replies":[{"embeddable":true,"href":"https:\/\/euvivoaselecao.com.br\/index.php\/wp-json\/wp\/v2\/comments?post=92220"}],"version-history":[{"count":0,"href":"https:\/\/euvivoaselecao.com.br\/index.php\/wp-json\/wp\/v2\/posts\/92220\/revisions"}],"wp:attachment":[{"href":"https:\/\/euvivoaselecao.com.br\/index.php\/wp-json\/wp\/v2\/media?parent=92220"}],"wp:term":[{"taxonomy":"category","embeddable":true,"href":"https:\/\/euvivoaselecao.com.br\/index.php\/wp-json\/wp\/v2\/categories?post=92220"},{"taxonomy":"post_tag","embeddable":true,"href":"https:\/\/euvivoaselecao.com.br\/index.php\/wp-json\/wp\/v2\/tags?post=92220"}],"curies":[{"name":"wp","href":"https:\/\/api.w.org\/{rel}","templated":true}]}}