{"id":92223,"date":"2026-09-03T06:44:24","date_gmt":"2026-09-03T09:44:24","guid":{"rendered":"https:\/\/euvivoaselecao.com.br\/index.php\/2026\/09\/03\/vasco-posta-selfie-dos-jogadores-no-gramado-do-barradao-apos-a-classificacao-veja\/"},"modified":"2026-09-03T06:44:24","modified_gmt":"2026-09-03T09:44:24","slug":"vasco-posta-selfie-dos-jogadores-no-gramado-do-barradao-apos-a-classificacao-veja","status":"publish","type":"post","link":"https:\/\/euvivoaselecao.com.br\/index.php\/2026\/09\/03\/vasco-posta-selfie-dos-jogadores-no-gramado-do-barradao-apos-a-classificacao-veja\/","title":{"rendered":"Vasco posta selfie dos jogadores no gramado do Barrad\u00e3o ap\u00f3s a classifica\u00e7\u00e3o; veja"},"content":{"rendered":"<p><\/p>\n<p>Vasco posta selfie dos jogadores no gramado do Barrad\u00e3o ap\u00f3s a classifica\u00e7\u00e3o; veja Quinta-feira, 03\/09\/2026 \u2013 00:53 Vasco da Gama @VascodaGama ent\u00e3o toma a selfie no Barrad\u00e3o #VascoDaGama Fonte: X\u2026 <\/p>\n<p>O conte\u00fado Vasco posta selfie dos jogadores no gramado do Barrad\u00e3o ap\u00f3s a classifica\u00e7\u00e3o; veja aparece primeiro em VASCONet.<\/p>\n","protected":false},"excerpt":{"rendered":"<p>Vasco posta selfie dos jogadores no gramado do Barrad\u00e3o ap\u00f3s a classifica\u00e7\u00e3o; veja Quinta-feira, 03\/09\/2026 \u2013 00:53 Vasco da Gama<\/p>\n","protected":false},"author":1,"featured_media":0,"comment_status":"","ping_status":"","sticky":false,"template":"","format":"standard","meta":{"colormag_page_container_layout":"default_layout","colormag_page_sidebar_layout":"default_layout","footnotes":""},"categories":[1],"tags":[],"class_list":["post-92223","post","type-post","status-publish","format-standard","hentry","category-sem-categoria"],"_links":{"self":[{"href":"https:\/\/euvivoaselecao.com.br\/index.php\/wp-json\/wp\/v2\/posts\/92223","targetHints":{"allow":["GET"]}}],"collection":[{"href":"https:\/\/euvivoaselecao.com.br\/index.php\/wp-json\/wp\/v2\/posts"}],"about":[{"href":"https:\/\/euvivoaselecao.com.br\/index.php\/wp-json\/wp\/v2\/types\/post"}],"author":[{"embeddable":true,"href":"https:\/\/euvivoaselecao.com.br\/index.php\/wp-json\/wp\/v2\/users\/1"}],"replies":[{"embeddable":true,"href":"https:\/\/euvivoaselecao.com.br\/index.php\/wp-json\/wp\/v2\/comments?post=92223"}],"version-history":[{"count":0,"href":"https:\/\/euvivoaselecao.com.br\/index.php\/wp-json\/wp\/v2\/posts\/92223\/revisions"}],"wp:attachment":[{"href":"https:\/\/euvivoaselecao.com.br\/index.php\/wp-json\/wp\/v2\/media?parent=92223"}],"wp:term":[{"taxonomy":"category","embeddable":true,"href":"https:\/\/euvivoaselecao.com.br\/index.php\/wp-json\/wp\/v2\/categories?post=92223"},{"taxonomy":"post_tag","embeddable":true,"href":"https:\/\/euvivoaselecao.com.br\/index.php\/wp-json\/wp\/v2\/tags?post=92223"}],"curies":[{"name":"wp","href":"https:\/\/api.w.org\/{rel}","templated":true}]}}