{"id":92224,"date":"2026-09-03T07:25:04","date_gmt":"2026-09-03T10:25:04","guid":{"rendered":"https:\/\/euvivoaselecao.com.br\/index.php\/2026\/09\/03\/estacao-cabo-branco-abre-exposicao-do-6o-festival-de-arte-na-primeira-infancia-nesta-sexta-feira\/"},"modified":"2026-09-03T07:25:04","modified_gmt":"2026-09-03T10:25:04","slug":"estacao-cabo-branco-abre-exposicao-do-6o-festival-de-arte-na-primeira-infancia-nesta-sexta-feira","status":"publish","type":"post","link":"https:\/\/euvivoaselecao.com.br\/index.php\/2026\/09\/03\/estacao-cabo-branco-abre-exposicao-do-6o-festival-de-arte-na-primeira-infancia-nesta-sexta-feira\/","title":{"rendered":"Esta\u00e7\u00e3o Cabo Branco abre exposi\u00e7\u00e3o do 6\u00ba Festival de Arte na Primeira Inf\u00e2ncia nesta sexta-feira"},"content":{"rendered":"<p><\/p>\n<div id=\"texto\">\n<p>A Esta\u00e7\u00e3o Cabo Branco \u2013 Ci\u00eancia, Cultura e Artes abre, nesta sexta-feira (4), a partir das 10h, a exposi\u00e7\u00e3o do 6\u00ba Festival de Arte na Primeira Inf\u00e2ncia (Fapi). Promovido pela Secretaria de Educa\u00e7\u00e3o e Cultura (Sedec), por meio do Departamento de Educa\u00e7\u00e3o Infantil (Degef), o evento re\u00fane trabalhos produzidos por crian\u00e7as da Rede Municipal de Ensino a partir do contato com artistas, m\u00fasicas, brincadeiras e diferentes manifesta\u00e7\u00f5es da cultura brasileira.<\/p>\n<p>A solenidade de abertura contar\u00e1 com a apresenta\u00e7\u00e3o especial do Coral do Ninho do Saber El Shaday, marcando o in\u00edcio da visita\u00e7\u00e3o p\u00fablica. Conduzida pelo tema \u2018A Alegria de Ser Crian\u00e7a na Arte Brasileira: mem\u00f3rias, brincadeiras e cultura popular\u2019, a Fapi quer evidenciar que a arte tamb\u00e9m faz parte da educa\u00e7\u00e3o das crian\u00e7as e que elas n\u00e3o precisam ser apenas espectadoras. Elas podem e devem criar, interpretar e apresentar sua pr\u00f3pria vis\u00e3o de mundo.<\/p>\n<p>As crian\u00e7as tiveram participa\u00e7\u00e3o ativa no processo criativo da exposi\u00e7\u00e3o. O material que ser\u00e1 apresentado na Esta\u00e7\u00e3o Cabo Branco faz parte das experi\u00eancias das crian\u00e7as em brincar, observar, experimentar e conhecer refer\u00eancias culturais e transform\u00e1-las em produ\u00e7\u00f5es art\u00edsticas.<\/p>\n<p>As produ\u00e7\u00f5es expostas traduzem a investiga\u00e7\u00e3o sensorial, o brincar e as mem\u00f3rias da inf\u00e2ncia a partir do di\u00e1logo com a obra de grandes refer\u00eancias da arte e da cultura nacional, como C\u00e2ndido Portinari, Ivan Cruz, Sandra Guinle, Ricardo Ferrari, Gustavo Rosa, Palavra Cantada, Cia. Boca de Cena, Ana Alice Uch\u00f4a, J\u00f4 Cortez, Mari Bigio, Alexandre F\u00e1vero e Sylvio de Vasconcellos.<\/p>\n<p>Durante os meses de setembro e outubro, alunos dos Ninhos do Saber e das escolas da Rede Municipal de Educa\u00e7\u00e3o de Jo\u00e3o Pessoa participar\u00e3o de visitas guiadas e oficinas art\u00edsticas integradas \u00e0 exposi\u00e7\u00e3o. Esse contato desde cedo ajuda a estimular criatividade, curiosidade, sensibilidade e interesse pela cultura.<\/p>\n<p><strong>Servi\u00e7o \u2013 Abertura do 6\u00ba Festival de Arte na Primeira Inf\u00e2ncia (Fapi)<\/strong><\/p>\n<p>Data: Sexta-feira (4)<\/p>\n<p>Hor\u00e1rio: A partir das 10h<\/p>\n<p>Local: Esta\u00e7\u00e3o Cabo Branco \u2013 Avenida Jo\u00e3o Cirilo da Silva, s\/n \u2013 Altiplano Cabo Branco, Jo\u00e3o Pessoa.<\/p>\n<\/p><\/div>\n","protected":false},"excerpt":{"rendered":"<p>A Esta\u00e7\u00e3o Cabo Branco \u2013 Ci\u00eancia, Cultura e Artes abre, nesta sexta-feira (4), a partir das 10h, a exposi\u00e7\u00e3o do<\/p>\n","protected":false},"author":1,"featured_media":0,"comment_status":"","ping_status":"","sticky":false,"template":"","format":"standard","meta":{"colormag_page_container_layout":"default_layout","colormag_page_sidebar_layout":"default_layout","footnotes":""},"categories":[1],"tags":[],"class_list":["post-92224","post","type-post","status-publish","format-standard","hentry","category-sem-categoria"],"_links":{"self":[{"href":"https:\/\/euvivoaselecao.com.br\/index.php\/wp-json\/wp\/v2\/posts\/92224","targetHints":{"allow":["GET"]}}],"collection":[{"href":"https:\/\/euvivoaselecao.com.br\/index.php\/wp-json\/wp\/v2\/posts"}],"about":[{"href":"https:\/\/euvivoaselecao.com.br\/index.php\/wp-json\/wp\/v2\/types\/post"}],"author":[{"embeddable":true,"href":"https:\/\/euvivoaselecao.com.br\/index.php\/wp-json\/wp\/v2\/users\/1"}],"replies":[{"embeddable":true,"href":"https:\/\/euvivoaselecao.com.br\/index.php\/wp-json\/wp\/v2\/comments?post=92224"}],"version-history":[{"count":0,"href":"https:\/\/euvivoaselecao.com.br\/index.php\/wp-json\/wp\/v2\/posts\/92224\/revisions"}],"wp:attachment":[{"href":"https:\/\/euvivoaselecao.com.br\/index.php\/wp-json\/wp\/v2\/media?parent=92224"}],"wp:term":[{"taxonomy":"category","embeddable":true,"href":"https:\/\/euvivoaselecao.com.br\/index.php\/wp-json\/wp\/v2\/categories?post=92224"},{"taxonomy":"post_tag","embeddable":true,"href":"https:\/\/euvivoaselecao.com.br\/index.php\/wp-json\/wp\/v2\/tags?post=92224"}],"curies":[{"name":"wp","href":"https:\/\/api.w.org\/{rel}","templated":true}]}}