{"id":92285,"date":"2026-09-04T01:42:55","date_gmt":"2026-09-04T04:42:55","guid":{"rendered":"https:\/\/euvivoaselecao.com.br\/index.php\/2026\/09\/04\/futebol-7-confira-o-elenco-e-comissao-tecnica-do-vasco-no-panamericano\/"},"modified":"2026-09-04T01:42:55","modified_gmt":"2026-09-04T04:42:55","slug":"futebol-7-confira-o-elenco-e-comissao-tecnica-do-vasco-no-panamericano","status":"publish","type":"post","link":"https:\/\/euvivoaselecao.com.br\/index.php\/2026\/09\/04\/futebol-7-confira-o-elenco-e-comissao-tecnica-do-vasco-no-panamericano\/","title":{"rendered":"Futebol 7: Confira o elenco e comiss\u00e3o t\u00e9cnica do Vasco no Panamericano"},"content":{"rendered":"<p><\/p>\n<div>\n<p>vascofutebol7<\/p>\n<p>CONHE\u00c7A O NOSSO ELENCO \u2720<\/p>\n<p>Os atletas que representar\u00e3o o Vasco Futebol 7 no Panamericano de Clubes 2026, em Paranagu\u00e1\/PR.<\/p>\n<p>Um elenco preparado para representar nossa camisa. \ud83d\udca2<\/p>\n<p>#VascoFutebol7 #expresso7 #Futebol7 #VamosVasco #vascodagama<\/p>\n<p>COMISS\u00c3O T\u00c9CNICA DEFINIDA \ud83d\udca2<\/p>\n<p>Profissionais que estar\u00e3o \u00e0 frente do Vasco Futebol 7 na disputa do Pan-Americano de Clubes 2026, em Paranagu\u00e1\/PR.<\/p>\n<p>Prepara\u00e7\u00e3o, lideran\u00e7a e foco em busca do t\u00edtulo. \ud83c\udfc6<\/p>\n<p>VAMOS, VASCO! \u26bd\ud83d\udca2<\/p>\n<p>#VascoFutebol7 #expresso7 #Futebol7 #VamosVasco #vascodagama<\/p>\n<p>Fonte: Instagram Vasco Futebol 7<\/p>\n<p><!-- CONTENT END 2 -->\n<\/div>\n","protected":false},"excerpt":{"rendered":"<p>vascofutebol7 CONHE\u00c7A O NOSSO ELENCO \u2720 Os atletas que representar\u00e3o o Vasco Futebol 7 no Panamericano de Clubes 2026, em<\/p>\n","protected":false},"author":1,"featured_media":0,"comment_status":"","ping_status":"","sticky":false,"template":"","format":"standard","meta":{"colormag_page_container_layout":"default_layout","colormag_page_sidebar_layout":"default_layout","footnotes":""},"categories":[1],"tags":[],"class_list":["post-92285","post","type-post","status-publish","format-standard","hentry","category-sem-categoria"],"_links":{"self":[{"href":"https:\/\/euvivoaselecao.com.br\/index.php\/wp-json\/wp\/v2\/posts\/92285","targetHints":{"allow":["GET"]}}],"collection":[{"href":"https:\/\/euvivoaselecao.com.br\/index.php\/wp-json\/wp\/v2\/posts"}],"about":[{"href":"https:\/\/euvivoaselecao.com.br\/index.php\/wp-json\/wp\/v2\/types\/post"}],"author":[{"embeddable":true,"href":"https:\/\/euvivoaselecao.com.br\/index.php\/wp-json\/wp\/v2\/users\/1"}],"replies":[{"embeddable":true,"href":"https:\/\/euvivoaselecao.com.br\/index.php\/wp-json\/wp\/v2\/comments?post=92285"}],"version-history":[{"count":0,"href":"https:\/\/euvivoaselecao.com.br\/index.php\/wp-json\/wp\/v2\/posts\/92285\/revisions"}],"wp:attachment":[{"href":"https:\/\/euvivoaselecao.com.br\/index.php\/wp-json\/wp\/v2\/media?parent=92285"}],"wp:term":[{"taxonomy":"category","embeddable":true,"href":"https:\/\/euvivoaselecao.com.br\/index.php\/wp-json\/wp\/v2\/categories?post=92285"},{"taxonomy":"post_tag","embeddable":true,"href":"https:\/\/euvivoaselecao.com.br\/index.php\/wp-json\/wp\/v2\/tags?post=92285"}],"curies":[{"name":"wp","href":"https:\/\/api.w.org\/{rel}","templated":true}]}}