{"id":92288,"date":"2026-09-04T03:05:47","date_gmt":"2026-09-04T06:05:47","guid":{"rendered":"https:\/\/euvivoaselecao.com.br\/index.php\/2026\/09\/04\/campus-pirituba-abre-40-vagas-para-especializacao-em-humanidades-ifsp\/"},"modified":"2026-09-04T03:05:47","modified_gmt":"2026-09-04T06:05:47","slug":"campus-pirituba-abre-40-vagas-para-especializacao-em-humanidades-ifsp","status":"publish","type":"post","link":"https:\/\/euvivoaselecao.com.br\/index.php\/2026\/09\/04\/campus-pirituba-abre-40-vagas-para-especializacao-em-humanidades-ifsp\/","title":{"rendered":"Campus Pirituba abre 40 vagas para especializa\u00e7\u00e3o em Humanidades &#8211; IFSP"},"content":{"rendered":"<p><\/p>\n<div>\n<div class=\"subtitle\">\n<p>Curso gratuito aborda rela\u00e7\u00f5es entre educa\u00e7\u00e3o, pol\u00edtica e sociedade; inscri\u00e7\u00f5es ocorrem de 7 a 18 de setembro<\/p>\n<\/div>\n<p><!-- fim .content-header-options-1 --><\/p>\n<p>O Instituto Federal de S\u00e3o Paulo (IFSP) \u2013 Campus S\u00e3o Paulo Pirituba publicou o Edital n\u00ba 46\/2026 \u2013 DRG-PTB\/IFSP, de 2 de setembro de 2026, que estabelece as normas do processo seletivo para a Especializa\u00e7\u00e3o em Humanidades \u2013 Educa\u00e7\u00e3o, Pol\u00edtica e Sociedade. O curso \u00e9 gratuito e oferece 40 vagas para ingresso no primeiro semestre de 2027.<\/p>\n<p>Podem se candidatar pessoas com gradua\u00e7\u00e3o em curso de n\u00edvel superior reconhecido pelo Minist\u00e9rio da Educa\u00e7\u00e3o (MEC), independentemente da \u00e1rea de forma\u00e7\u00e3o. Tamb\u00e9m podem participar candidatos que ainda estejam concluindo a gradua\u00e7\u00e3o, desde que apresentem a documenta\u00e7\u00e3o comprobat\u00f3ria da conclus\u00e3o no momento da matr\u00edcula, caso sejam aprovados.<\/p>\n<p>A especializa\u00e7\u00e3o \u00e9 presencial e tem carga hor\u00e1ria total de 430 horas, sendo 360 horas distribu\u00eddas em 12 componentes curriculares, 60 horas destinadas ao Trabalho de Conclus\u00e3o de Curso (TCC) e 10 horas de Atividades Complementares. O prazo m\u00e1ximo para integraliza\u00e7\u00e3o \u00e9 de 30 meses a partir da matr\u00edcula inicial.<\/p>\n<p>Com abordagem multidisciplinar, o curso busca proporcionar forma\u00e7\u00e3o abrangente no campo das Humanidades, com discuss\u00e3o de conceitos e conhecimentos relacionados \u00e0 educa\u00e7\u00e3o, \u00e0 pol\u00edtica e \u00e0 sociedade. Entre os objetivos est\u00e3o a forma\u00e7\u00e3o cr\u00edtica sobre a sociedade contempor\u00e2nea, o estudo de seus dilemas pol\u00edticos, sociais, econ\u00f4micos, culturais e cient\u00edficos e o contato com literatura acad\u00eamica voltada \u00e0 compreens\u00e3o das rela\u00e7\u00f5es de poder nas diferentes esferas da vida social.<\/p>\n<p>Para estudantes de licenciatura, a especializa\u00e7\u00e3o tamb\u00e9m prev\u00ea um espa\u00e7o de discuss\u00e3o e aprimoramento relacionado \u00e0 atividade docente. O curso ainda busca aproximar os estudantes da pesquisa acad\u00eamica e estimular a produ\u00e7\u00e3o e publica\u00e7\u00e3o de trabalhos cient\u00edficos.<\/p>\n<p><strong>Inscri\u00e7\u00f5es<\/strong><\/p>\n<p>A inscri\u00e7\u00e3o preliminar deve ser realizada de 7 a 18 de setembro de 2026, exclusivamente por meio de formul\u00e1rio eletr\u00f4nico dispon\u00edvel na p\u00e1gina do curso. N\u00e3o h\u00e1 cobran\u00e7a de taxa de inscri\u00e7\u00e3o, matr\u00edcula ou mensalidade.<\/p>\n<p>Ap\u00f3s o preenchimento do formul\u00e1rio, os candidatos dever\u00e3o realizar a confirma\u00e7\u00e3o presencial da inscri\u00e7\u00e3o de 28 de setembro a 2 de outubro, na Secretaria \u2013 Coordenadoria de Registros Acad\u00eamicos (CRA) do Campus S\u00e3o Paulo Pirituba. O atendimento ocorrer\u00e1 de segunda a sexta-feira, das 10h \u00e0s 12h e das 13h \u00e0s 19h.<\/p>\n<p>Para a confirma\u00e7\u00e3o, \u00e9 necess\u00e1rio apresentar documento de identifica\u00e7\u00e3o com foto. O edital estabelece que a aus\u00eancia nessa etapa implicar\u00e1 o indeferimento da inscri\u00e7\u00e3o.<\/p>\n<p><strong>Processo seletivo<\/strong><\/p>\n<p>A sele\u00e7\u00e3o ser\u00e1 realizada em uma \u00fanica etapa, de car\u00e1ter eliminat\u00f3rio e classificat\u00f3rio: uma avalia\u00e7\u00e3o escrita, com pontua\u00e7\u00e3o de 0 a 10. Para ser classificado, o candidato dever\u00e1 obter nota m\u00ednima de 5 pontos.<\/p>\n<p>A prova consistir\u00e1 na elabora\u00e7\u00e3o de um texto dissertativo-argumentativo, em modalidade escrita formal da l\u00edngua portuguesa, sobre tema apresentado no dia da avalia\u00e7\u00e3o. Os candidatos dever\u00e3o dialogar com o primeiro cap\u00edtulo da obra <em>Um naturalista no Antropoceno: um bi\u00f3logo em busca do selvagem<\/em>, de Marcos Galetti, especificamente o texto \u201cAntropoceno: o asteroide somos n\u00f3s\u201d.<\/p>\n<p>A avalia\u00e7\u00e3o ser\u00e1 realizada em 8 de novembro de 2026, das 9h \u00e0s 11h, no Campus S\u00e3o Paulo Pirituba. O port\u00e3o ser\u00e1 aberto \u00e0s 8h30. N\u00e3o ser\u00e1 permitida consulta a materiais durante a prova.<\/p>\n<p><strong>Reserva de vagas<\/strong><\/p>\n<p>Das 40 vagas oferecidas, 26 s\u00e3o destinadas \u00e0 ampla concorr\u00eancia, 12 a candidatos autodeclarados negros (pretos e pardos), ind\u00edgenas ou quilombolas e duas a pessoas com defici\u00eancia (PCD), conforme a pol\u00edtica de a\u00e7\u00f5es afirmativas prevista no edital.<\/p>\n<p>A classifica\u00e7\u00e3o considera inicialmente a nota obtida na avalia\u00e7\u00e3o escrita. Os candidatos que n\u00e3o forem convocados na ampla concorr\u00eancia concorrer\u00e3o \u00e0s vagas reservadas de acordo com as modalidades previstas no edital.<\/p>\n<p><strong>Cronograma<\/strong><\/p>\n<p>A lista preliminar de inscri\u00e7\u00f5es ser\u00e1 publicada em 21 de setembro. A divulga\u00e7\u00e3o das inscri\u00e7\u00f5es deferidas e indeferidas est\u00e1 prevista para 5 de outubro. A avalia\u00e7\u00e3o escrita ocorrer\u00e1 em 8 de novembro, e o resultado final, com a primeira chamada, ser\u00e1 divulgado em 2 de dezembro de 2026.<\/p>\n<p>Os candidatos aprovados dever\u00e3o realizar a matr\u00edcula entre 0h01 de 5 de janeiro de 2027 e 19h de 8 de janeiro de 2027, por meio da Plataforma Gov.br.<\/p>\n<p>As informa\u00e7\u00f5es completas sobre o processo seletivo, incluindo o edital, os formul\u00e1rios e o Projeto Pedag\u00f3gico do Curso, est\u00e3o dispon\u00edveis na p\u00e1gina da Especializa\u00e7\u00e3o em Humanidades \u2013 Educa\u00e7\u00e3o, Pol\u00edtica e Sociedade.<\/p>\n<p><strong>Servi\u00e7o<\/strong><\/p>\n<p><strong>Curso:<\/strong> Especializa\u00e7\u00e3o em Humanidades \u2013 Educa\u00e7\u00e3o, Pol\u00edtica e Sociedade<br \/><strong>Campus:<\/strong> S\u00e3o Paulo Pirituba<br \/><strong>Modalidade:<\/strong> presencial<br \/><strong>Vagas:<\/strong> 40<br \/><strong>Ingresso:<\/strong> 1\u00ba semestre de 2027<br \/><strong>Inscri\u00e7\u00f5es:<\/strong> 7 a 18 de setembro de 2026<br \/><strong>Taxas:<\/strong> gratuita<br \/><strong>Prova:<\/strong> 8 de novembro de 2026, das 9h \u00e0s 11h<br \/><strong>Local:<\/strong> Campus S\u00e3o Paulo Pirituba \u2013 Avenida Mutinga, n\u00ba 951, Jardim Santo Elias, S\u00e3o Paulo<br \/><strong>Informa\u00e7\u00f5es:<\/strong> p\u00e1gina do curso e e-mail <!-- This email address is being protected from spambots. --><span class=\"cloaked_email ep_7c223a1b\"><span data-ep-a72b1=\"inscr\" data-ep-bcccd=\"\"><span data-ep-a72b1=\"icao.\" data-ep-bcccd=\"du.br\"><span data-ep-a72b1=\"ptb@i\" data-ep-bcccd=\"fsp.e\"\/><\/span><\/span><\/span><span class=\"cloaked_email ep_6fdd603f\" style=\"display:none;\"><span data-ep-a72b1=\"inscr\" data-ep-bcccd=\"\"><span data-ep-bcccd=\"du.br\" data-ep-a72b1=\"icao.\"><span data-ep-a72b1=\"ptb@i\" data-ep-bcccd=\"fsp.e\"\/><\/span><\/span><\/span><\/p>\n<\/div>\n","protected":false},"excerpt":{"rendered":"<p>Curso gratuito aborda rela\u00e7\u00f5es entre educa\u00e7\u00e3o, pol\u00edtica e sociedade; inscri\u00e7\u00f5es ocorrem de 7 a 18 de setembro O Instituto Federal<\/p>\n","protected":false},"author":1,"featured_media":0,"comment_status":"","ping_status":"","sticky":false,"template":"","format":"standard","meta":{"colormag_page_container_layout":"default_layout","colormag_page_sidebar_layout":"default_layout","footnotes":""},"categories":[1],"tags":[],"class_list":["post-92288","post","type-post","status-publish","format-standard","hentry","category-sem-categoria"],"_links":{"self":[{"href":"https:\/\/euvivoaselecao.com.br\/index.php\/wp-json\/wp\/v2\/posts\/92288","targetHints":{"allow":["GET"]}}],"collection":[{"href":"https:\/\/euvivoaselecao.com.br\/index.php\/wp-json\/wp\/v2\/posts"}],"about":[{"href":"https:\/\/euvivoaselecao.com.br\/index.php\/wp-json\/wp\/v2\/types\/post"}],"author":[{"embeddable":true,"href":"https:\/\/euvivoaselecao.com.br\/index.php\/wp-json\/wp\/v2\/users\/1"}],"replies":[{"embeddable":true,"href":"https:\/\/euvivoaselecao.com.br\/index.php\/wp-json\/wp\/v2\/comments?post=92288"}],"version-history":[{"count":0,"href":"https:\/\/euvivoaselecao.com.br\/index.php\/wp-json\/wp\/v2\/posts\/92288\/revisions"}],"wp:attachment":[{"href":"https:\/\/euvivoaselecao.com.br\/index.php\/wp-json\/wp\/v2\/media?parent=92288"}],"wp:term":[{"taxonomy":"category","embeddable":true,"href":"https:\/\/euvivoaselecao.com.br\/index.php\/wp-json\/wp\/v2\/categories?post=92288"},{"taxonomy":"post_tag","embeddable":true,"href":"https:\/\/euvivoaselecao.com.br\/index.php\/wp-json\/wp\/v2\/tags?post=92288"}],"curies":[{"name":"wp","href":"https:\/\/api.w.org\/{rel}","templated":true}]}}