{"id":92365,"date":"2026-09-05T05:08:02","date_gmt":"2026-09-05T08:08:02","guid":{"rendered":"https:\/\/euvivoaselecao.com.br\/index.php\/2026\/09\/05\/auxiliares-do-juizo-sugerem-maior-protecao-aos-credores-na-nova-saf\/"},"modified":"2026-09-05T05:08:02","modified_gmt":"2026-09-05T08:08:02","slug":"auxiliares-do-juizo-sugerem-maior-protecao-aos-credores-na-nova-saf","status":"publish","type":"post","link":"https:\/\/euvivoaselecao.com.br\/index.php\/2026\/09\/05\/auxiliares-do-juizo-sugerem-maior-protecao-aos-credores-na-nova-saf\/","title":{"rendered":"Auxiliares do Ju\u00edzo sugerem maior prote\u00e7\u00e3o aos credores na nova SAF"},"content":{"rendered":"<p><\/p>\n<div>\n<div>Gustavo Tutinha @gustavotutinha<\/p>\n<p>\ud83d\udea8 AUXILIARES DO JU\u00cdZO SUGEREM COMPROMISSO DA FUTURA SAF COM CREDORES DO VASCO<\/p>\n<p>Em manifesta\u00e7\u00e3o na Recupera\u00e7\u00e3o Judicial, os Auxiliares do Ju\u00edzo sugerem que seja adotado no Vasco um mecanismo semelhante ao utilizado na RJ do Cruzeiro.\n<\/p>\n<p>A proposta \u00e9 que a SAF constitu\u00edda a partir da UPI assine uma declara\u00e7\u00e3o formal refor\u00e7ando seu compromisso de prestar aux\u00edlio financeiro ao Vasco associativo, visando o cumprimento das obriga\u00e7\u00f5es previstas no Plano de Recupera\u00e7\u00e3o Judicial perante os credores.\n<\/p>\n<p>Na pr\u00e1tica, a ideia \u00e9 criar mais uma camada de prote\u00e7\u00e3o aos credores, vinculando formalmente a futura SAF ao aux\u00edlio financeiro necess\u00e1rio para o cumprimento do plano.\n<\/p>\n<p>Fonte: X do jornalista Gustavo Cunha\/Colina 1927<\/p>\n<\/div>\n<p><!-- CONTENT END 2 -->\n<\/div>\n","protected":false},"excerpt":{"rendered":"<p>Gustavo Tutinha @gustavotutinha \ud83d\udea8 AUXILIARES DO JU\u00cdZO SUGEREM COMPROMISSO DA FUTURA SAF COM CREDORES DO VASCO Em manifesta\u00e7\u00e3o na Recupera\u00e7\u00e3o<\/p>\n","protected":false},"author":1,"featured_media":0,"comment_status":"","ping_status":"","sticky":false,"template":"","format":"standard","meta":{"colormag_page_container_layout":"default_layout","colormag_page_sidebar_layout":"default_layout","footnotes":""},"categories":[1],"tags":[],"class_list":["post-92365","post","type-post","status-publish","format-standard","hentry","category-sem-categoria"],"_links":{"self":[{"href":"https:\/\/euvivoaselecao.com.br\/index.php\/wp-json\/wp\/v2\/posts\/92365","targetHints":{"allow":["GET"]}}],"collection":[{"href":"https:\/\/euvivoaselecao.com.br\/index.php\/wp-json\/wp\/v2\/posts"}],"about":[{"href":"https:\/\/euvivoaselecao.com.br\/index.php\/wp-json\/wp\/v2\/types\/post"}],"author":[{"embeddable":true,"href":"https:\/\/euvivoaselecao.com.br\/index.php\/wp-json\/wp\/v2\/users\/1"}],"replies":[{"embeddable":true,"href":"https:\/\/euvivoaselecao.com.br\/index.php\/wp-json\/wp\/v2\/comments?post=92365"}],"version-history":[{"count":0,"href":"https:\/\/euvivoaselecao.com.br\/index.php\/wp-json\/wp\/v2\/posts\/92365\/revisions"}],"wp:attachment":[{"href":"https:\/\/euvivoaselecao.com.br\/index.php\/wp-json\/wp\/v2\/media?parent=92365"}],"wp:term":[{"taxonomy":"category","embeddable":true,"href":"https:\/\/euvivoaselecao.com.br\/index.php\/wp-json\/wp\/v2\/categories?post=92365"},{"taxonomy":"post_tag","embeddable":true,"href":"https:\/\/euvivoaselecao.com.br\/index.php\/wp-json\/wp\/v2\/tags?post=92365"}],"curies":[{"name":"wp","href":"https:\/\/api.w.org\/{rel}","templated":true}]}}