{"id":92408,"date":"2026-09-05T22:38:59","date_gmt":"2026-09-06T01:38:59","guid":{"rendered":"https:\/\/euvivoaselecao.com.br\/index.php\/2026\/09\/05\/confira-a-escalacao-do-vasco-para-o-jogo-contra-o-fluminense-bruno-duarte-fara-sua-estreia\/"},"modified":"2026-09-05T22:38:59","modified_gmt":"2026-09-06T01:38:59","slug":"confira-a-escalacao-do-vasco-para-o-jogo-contra-o-fluminense-bruno-duarte-fara-sua-estreia","status":"publish","type":"post","link":"https:\/\/euvivoaselecao.com.br\/index.php\/2026\/09\/05\/confira-a-escalacao-do-vasco-para-o-jogo-contra-o-fluminense-bruno-duarte-fara-sua-estreia\/","title":{"rendered":"Confira a escala\u00e7\u00e3o do Vasco para o jogo contra o Fluminense; Bruno Duarte far\u00e1 sua estreia"},"content":{"rendered":"<p><\/p>\n<div>\n<div>\n<p>Confira a escala\u00e7\u00e3o do Vasco para o jogo contra o Fluminense; Bruno Duarte far\u00e1 sua estreia<\/p>\n<p>S\u00e1bado, 05\/09\/2026  \u2013 20:00<\/p>\n<div class=\"corpo\">Vasco da Gama @VascodaGama<\/p>\n<p>\ud83d\udccb O VASCO DA GAMA EST\u00c1 ESCALADO POR PEDRO EMANUEL PARA O CL\u00c1SSICO COM O FLUMINENSE! \ud83d\udca2<\/p>\n<p>#FluxVAS<\/p>\n<p>#Escala\u00e7\u00e3oVasco<\/p>\n<p>#VascoDaGama\n<\/p>\n<p>Fonte: X oficial do Vasco<\/p>\n<\/div>\n<\/div>\n<p><!-- CONTENT END 2 -->\n<\/div>\n","protected":false},"excerpt":{"rendered":"<p>Confira a escala\u00e7\u00e3o do Vasco para o jogo contra o Fluminense; Bruno Duarte far\u00e1 sua estreia S\u00e1bado, 05\/09\/2026 \u2013 20:00<\/p>\n","protected":false},"author":1,"featured_media":0,"comment_status":"","ping_status":"","sticky":false,"template":"","format":"standard","meta":{"colormag_page_container_layout":"default_layout","colormag_page_sidebar_layout":"default_layout","footnotes":""},"categories":[1],"tags":[],"class_list":["post-92408","post","type-post","status-publish","format-standard","hentry","category-sem-categoria"],"_links":{"self":[{"href":"https:\/\/euvivoaselecao.com.br\/index.php\/wp-json\/wp\/v2\/posts\/92408","targetHints":{"allow":["GET"]}}],"collection":[{"href":"https:\/\/euvivoaselecao.com.br\/index.php\/wp-json\/wp\/v2\/posts"}],"about":[{"href":"https:\/\/euvivoaselecao.com.br\/index.php\/wp-json\/wp\/v2\/types\/post"}],"author":[{"embeddable":true,"href":"https:\/\/euvivoaselecao.com.br\/index.php\/wp-json\/wp\/v2\/users\/1"}],"replies":[{"embeddable":true,"href":"https:\/\/euvivoaselecao.com.br\/index.php\/wp-json\/wp\/v2\/comments?post=92408"}],"version-history":[{"count":0,"href":"https:\/\/euvivoaselecao.com.br\/index.php\/wp-json\/wp\/v2\/posts\/92408\/revisions"}],"wp:attachment":[{"href":"https:\/\/euvivoaselecao.com.br\/index.php\/wp-json\/wp\/v2\/media?parent=92408"}],"wp:term":[{"taxonomy":"category","embeddable":true,"href":"https:\/\/euvivoaselecao.com.br\/index.php\/wp-json\/wp\/v2\/categories?post=92408"},{"taxonomy":"post_tag","embeddable":true,"href":"https:\/\/euvivoaselecao.com.br\/index.php\/wp-json\/wp\/v2\/tags?post=92408"}],"curies":[{"name":"wp","href":"https:\/\/api.w.org\/{rel}","templated":true}]}}