{"id":92409,"date":"2026-09-05T22:40:19","date_gmt":"2026-09-06T01:40:19","guid":{"rendered":"https:\/\/euvivoaselecao.com.br\/index.php\/2026\/09\/05\/mutirao-de-tapa-buracos-chega-a-vila-planalto-neste-sabado-cgnoticias\/"},"modified":"2026-09-05T22:40:19","modified_gmt":"2026-09-06T01:40:19","slug":"mutirao-de-tapa-buracos-chega-a-vila-planalto-neste-sabado-cgnoticias","status":"publish","type":"post","link":"https:\/\/euvivoaselecao.com.br\/index.php\/2026\/09\/05\/mutirao-de-tapa-buracos-chega-a-vila-planalto-neste-sabado-cgnoticias\/","title":{"rendered":"Mutir\u00e3o de tapa-buracos chega \u00e0 Vila Planalto neste s\u00e1bado \u2013 CGNot\u00edcias"},"content":{"rendered":"<p><\/p>\n<div>\n<p>A regi\u00e3o da Vila Planalto recebe neste s\u00e1bado (5) o mutir\u00e3o de tapa-buracos da Prefeitura de Campo Grande. Tr\u00eas frentes de trabalho v\u00e3o atuar simultaneamente para recuperar trechos da pavimenta\u00e7\u00e3o e melhorar as condi\u00e7\u00f5es de tr\u00e1fego para moradores e pessoas que circulam pelo bairro.<\/p>\n<p>Os trabalhos come\u00e7am pela Rua V\u00eanus e avan\u00e7am tamb\u00e9m pelas ruas J\u00fapiter, Marte, Merc\u00fario e Vicente Pinzon, conforme a programa\u00e7\u00e3o das equipes.<\/p>\n<p>\u201cEstamos ampliando a presen\u00e7a das equipes nos bairros para dar uma resposta mais r\u00e1pida \u00e0s necessidades da popula\u00e7\u00e3o. Essas a\u00e7\u00f5es concentradas ajudam a recuperar um n\u00famero maior de trechos em menos tempo e fazem parte do trabalho de manuten\u00e7\u00e3o das ruas da Capital\u201d, destaca a prefeita Adriane Lopes.<\/p>\n<p><strong>Linhas de \u00f4nibus ter\u00e3o hor\u00e1rios diferenciados no feriado \u2013 CGNot\u00edcias<\/strong><\/p>\n<p><strong>Semana re\u00fane a\u00e7\u00f5es de prote\u00e7\u00e3o social, educa\u00e7\u00e3o, esporte e trabalho \u2013 CGNot\u00edcias<\/strong><\/p>\n<p>Durante o mutir\u00e3o, ser\u00e3o utilizadas aproximadamente 100 toneladas de massa asf\u00e1ltica. Os servi\u00e7os ter\u00e3o continuidade ao longo da pr\u00f3xima semana, com as equipes permanecendo na regi\u00e3o para dar sequ\u00eancia \u00e0 recupera\u00e7\u00e3o das vias, o que tamb\u00e9m amplia a quantidade de material usado na a\u00e7\u00e3o.<\/p>\n<p>A a\u00e7\u00e3o integra o Vira CG Infraestrutura, programa da Prefeitura que re\u00fane mais de R$ 280 milh\u00f5es em investimentos para obras de drenagem, pavimenta\u00e7\u00e3o, recapeamento, implanta\u00e7\u00e3o de ciclovias e manuten\u00e7\u00e3o da malha vi\u00e1ria de Campo Grande.<\/p>\n<p>Al\u00e9m dos mutir\u00f5es realizados aos s\u00e1bados, a Secretaria Municipal de Infraestrutura e Servi\u00e7os P\u00fablicos (Sisep) mant\u00e9m equipes trabalhando em diferentes regi\u00f5es da cidade durante a semana. O atendimento considera as condi\u00e7\u00f5es das vias e as demandas identificadas pelas equipes, com o objetivo de proporcionar ruas mais seguras e melhores condi\u00e7\u00f5es de deslocamento para a popula\u00e7\u00e3o.<\/p>\n<\/div>\n<p><script async defer src=\"https:\/\/connect.facebook.net\/en_US\/sdk.js?ver=1#xfbml=1&amp;version=v3.2\" id=\"prefeitura-campogrande-script-facebook-sdk-js\" type=\"e4190e2d579fc28705d4cf3a-text\/javascript\"><\/script><\/p>\n","protected":false},"excerpt":{"rendered":"<p>A regi\u00e3o da Vila Planalto recebe neste s\u00e1bado (5) o mutir\u00e3o de tapa-buracos da Prefeitura de Campo Grande. Tr\u00eas frentes<\/p>\n","protected":false},"author":2,"featured_media":0,"comment_status":"","ping_status":"","sticky":false,"template":"","format":"standard","meta":{"colormag_page_container_layout":"default_layout","colormag_page_sidebar_layout":"default_layout","footnotes":""},"categories":[],"tags":[],"class_list":["post-92409","post","type-post","status-publish","format-standard","hentry"],"_links":{"self":[{"href":"https:\/\/euvivoaselecao.com.br\/index.php\/wp-json\/wp\/v2\/posts\/92409","targetHints":{"allow":["GET"]}}],"collection":[{"href":"https:\/\/euvivoaselecao.com.br\/index.php\/wp-json\/wp\/v2\/posts"}],"about":[{"href":"https:\/\/euvivoaselecao.com.br\/index.php\/wp-json\/wp\/v2\/types\/post"}],"author":[{"embeddable":true,"href":"https:\/\/euvivoaselecao.com.br\/index.php\/wp-json\/wp\/v2\/users\/2"}],"replies":[{"embeddable":true,"href":"https:\/\/euvivoaselecao.com.br\/index.php\/wp-json\/wp\/v2\/comments?post=92409"}],"version-history":[{"count":0,"href":"https:\/\/euvivoaselecao.com.br\/index.php\/wp-json\/wp\/v2\/posts\/92409\/revisions"}],"wp:attachment":[{"href":"https:\/\/euvivoaselecao.com.br\/index.php\/wp-json\/wp\/v2\/media?parent=92409"}],"wp:term":[{"taxonomy":"category","embeddable":true,"href":"https:\/\/euvivoaselecao.com.br\/index.php\/wp-json\/wp\/v2\/categories?post=92409"},{"taxonomy":"post_tag","embeddable":true,"href":"https:\/\/euvivoaselecao.com.br\/index.php\/wp-json\/wp\/v2\/tags?post=92409"}],"curies":[{"name":"wp","href":"https:\/\/api.w.org\/{rel}","templated":true}]}}