{"id":92410,"date":"2026-09-05T23:20:00","date_gmt":"2026-09-06T02:20:00","guid":{"rendered":"https:\/\/euvivoaselecao.com.br\/index.php\/2026\/09\/05\/samu-elabora-plano-de-atendimento-para-o-desfile-civico-militar-no-centro-de-joao-pessoa\/"},"modified":"2026-09-05T23:20:00","modified_gmt":"2026-09-06T02:20:00","slug":"samu-elabora-plano-de-atendimento-para-o-desfile-civico-militar-no-centro-de-joao-pessoa","status":"publish","type":"post","link":"https:\/\/euvivoaselecao.com.br\/index.php\/2026\/09\/05\/samu-elabora-plano-de-atendimento-para-o-desfile-civico-militar-no-centro-de-joao-pessoa\/","title":{"rendered":"Samu elabora plano de atendimento para o desfile c\u00edvico militar no Centro de Jo\u00e3o Pessoa"},"content":{"rendered":"<p><\/p>\n<div id=\"texto\">\n<p>Com o objetivo de garantir a assist\u00eancia no atendimento de urg\u00eancia e emerg\u00eancia ao p\u00fablico em geral e aos participantes do desfile c\u00edvico militar do dia 7 de setembro, o Servi\u00e7o de Atendimento M\u00f3vel de Urg\u00eancia de Jo\u00e3o Pessoa (Samu-JP) elaborou um plano operacional de atendimento pr\u00e9 hospitalar m\u00f3vel e fixo.<\/p>\n<figure class=\"wp-block-gallery has-nested-images columns-default is-cropped wp-block-gallery-1 is-layout-flex wp-block-gallery-is-layout-flex\">\n<figure class=\"wp-block-image size-large\"><\/figure>\n<figure class=\"wp-block-image size-large\"><\/figure>\n<\/figure>\n<p>A coordenadora geral do Samu-JP, L\u00eddia Holanda, explicou que o plano prev\u00ea uma unidade de suporte b\u00e1sico (USB) na Avenida Ministro Jos\u00e9 Am\u00e9rico de Almeida (Beira Rio), em frente ao Sindicato dos Motoristas, onde ocorre a dispers\u00e3o do desfile c\u00edvico. J\u00e1 a unidade de suporte avan\u00e7ado de vida (USA) ter\u00e1 como ponto base o cruzamento das Avenidas Duarte da Silveira com Maximiano Figueiredo. Al\u00e9m das duas unidades, o Samu ter\u00e1 um ve\u00edculo de interven\u00e7\u00e3o r\u00e1pida (VIR), de onde parte a estrat\u00e9gia dos atendimentos e coordena\u00e7\u00e3o dos trabalhos.<\/p>\n<p>\u201cO Samu Regional de Jo\u00e3o Pessoa, al\u00e9m de participar do desfile c\u00edvico militar deste 7 de setembro, vai atuar de prontid\u00e3o para prestar atendimento de excel\u00eancia a poss\u00edveis casos de urg\u00eancia e emerg\u00eancia, tanto para os participantes do desfile quanto ao p\u00fablico em geral. Para isso, contaremos com um ve\u00edculo de interven\u00e7\u00e3o r\u00e1pida, al\u00e9m de duas ambul\u00e2ncias, sendo uma de suporte b\u00e1sico e outra de suporte avan\u00e7ado de vida\u201d, destaca L\u00eddia Holanda.<\/p>\n<figure class=\"wp-block-gallery has-nested-images columns-default is-cropped wp-block-gallery-2 is-layout-flex wp-block-gallery-is-layout-flex\">\n<figure class=\"wp-block-image size-large\"><\/figure>\n<figure class=\"wp-block-image size-large\"><\/figure>\n<\/figure>\n<p><strong>Samu no desfile<\/strong> \u2013 Como acontece todos os anos, o Servi\u00e7o de Atendimento M\u00f3vel de Urg\u00eancia de Jo\u00e3o Pessoa vai participar do desfile c\u00edvico com suas equipes organizadas em diversas viaturas. No trajeto, a popula\u00e7\u00e3o poder\u00e1 conferir a estrutura de atendimento das motol\u00e2ncias, equipamentos e das unidades de suporte b\u00e1sico e avan\u00e7ado de vida do Samu-JP.<\/p>\n<\/p><\/div>\n","protected":false},"excerpt":{"rendered":"<p>Com o objetivo de garantir a assist\u00eancia no atendimento de urg\u00eancia e emerg\u00eancia ao p\u00fablico em geral e aos participantes<\/p>\n","protected":false},"author":1,"featured_media":0,"comment_status":"","ping_status":"","sticky":false,"template":"","format":"standard","meta":{"colormag_page_container_layout":"default_layout","colormag_page_sidebar_layout":"default_layout","footnotes":""},"categories":[1],"tags":[],"class_list":["post-92410","post","type-post","status-publish","format-standard","hentry","category-sem-categoria"],"_links":{"self":[{"href":"https:\/\/euvivoaselecao.com.br\/index.php\/wp-json\/wp\/v2\/posts\/92410","targetHints":{"allow":["GET"]}}],"collection":[{"href":"https:\/\/euvivoaselecao.com.br\/index.php\/wp-json\/wp\/v2\/posts"}],"about":[{"href":"https:\/\/euvivoaselecao.com.br\/index.php\/wp-json\/wp\/v2\/types\/post"}],"author":[{"embeddable":true,"href":"https:\/\/euvivoaselecao.com.br\/index.php\/wp-json\/wp\/v2\/users\/1"}],"replies":[{"embeddable":true,"href":"https:\/\/euvivoaselecao.com.br\/index.php\/wp-json\/wp\/v2\/comments?post=92410"}],"version-history":[{"count":0,"href":"https:\/\/euvivoaselecao.com.br\/index.php\/wp-json\/wp\/v2\/posts\/92410\/revisions"}],"wp:attachment":[{"href":"https:\/\/euvivoaselecao.com.br\/index.php\/wp-json\/wp\/v2\/media?parent=92410"}],"wp:term":[{"taxonomy":"category","embeddable":true,"href":"https:\/\/euvivoaselecao.com.br\/index.php\/wp-json\/wp\/v2\/categories?post=92410"},{"taxonomy":"post_tag","embeddable":true,"href":"https:\/\/euvivoaselecao.com.br\/index.php\/wp-json\/wp\/v2\/tags?post=92410"}],"curies":[{"name":"wp","href":"https:\/\/api.w.org\/{rel}","templated":true}]}}