{"id":92415,"date":"2026-09-06T02:09:10","date_gmt":"2026-09-06T05:09:10","guid":{"rendered":"https:\/\/euvivoaselecao.com.br\/index.php\/2026\/09\/06\/pedro-emanuel-faltou-de-fato-a-efetividade\/"},"modified":"2026-09-06T02:09:10","modified_gmt":"2026-09-06T05:09:10","slug":"pedro-emanuel-faltou-de-fato-a-efetividade","status":"publish","type":"post","link":"https:\/\/euvivoaselecao.com.br\/index.php\/2026\/09\/06\/pedro-emanuel-faltou-de-fato-a-efetividade\/","title":{"rendered":"Pedro Emanuel: &#8216;Faltou, de fato, a efetividade&#8217;"},"content":{"rendered":"<p><\/p>\n<div>\n<div>O Vasco foi derrotado pelo Fluminense por 1 a 0, na noite deste s\u00e1bado, no Maracan\u00e3, e permanece por mais uma rodada na zona de rebaixamento. Ao fim do jogo, o t\u00e9cnico Pedro Emanuel analisou o desempenho de sua equipe.<\/p>\n<p>\u2014 Faltou, de fato, a efetividade. E eu tamb\u00e9m compreendo, porque foi a primeira vez que essa frente de ataque tamb\u00e9m jogou junta. Precisa se conhecer. N\u00e3o temos tempo para treinar, temos tempo para jogar e tem que ser atrav\u00e9s do jogo. As imagens s\u00f3 n\u00e3o chegam. Por isso, n\u00f3s trabalhamos nesse sentido e os jogadores t\u00eam sido abnegados \u2014 afirmou o t\u00e9cnico.\n<\/p>\n<p>\u2014 Na primeira parte, de fato, faltou-nos ser agudos. N\u00f3s sab\u00edamos que, num jogo dessa import\u00e2ncia, com as emo\u00e7\u00f5es \u00e0 flor da pele, com tudo aquilo que representa um cl\u00e1ssico no Maracan\u00e3, a equipe que marcar primeiro tem um grande ascendente no jogo. E, infelizmente para n\u00f3s, n\u00e3o o fizemos na primeira parte, o que poderia nos dar tamb\u00e9m algum conforto naquilo que era o jogo \u2014 completou.\n<\/p>\n<p>O pr\u00f3ximo compromisso do Vasco est\u00e1 marcado para a pr\u00f3xima ter\u00e7a-feira, contra o Santa F\u00e9, na Col\u00f4mbia, pela Copa Sul-Americana.\n<\/p>\n<p>Fonte: ge<\/p>\n<\/div>\n<p><!-- CONTENT END 2 -->\n<\/div>\n","protected":false},"excerpt":{"rendered":"<p>O Vasco foi derrotado pelo Fluminense por 1 a 0, na noite deste s\u00e1bado, no Maracan\u00e3, e permanece por mais<\/p>\n","protected":false},"author":1,"featured_media":0,"comment_status":"","ping_status":"","sticky":false,"template":"","format":"standard","meta":{"colormag_page_container_layout":"default_layout","colormag_page_sidebar_layout":"default_layout","footnotes":""},"categories":[1],"tags":[],"class_list":["post-92415","post","type-post","status-publish","format-standard","hentry","category-sem-categoria"],"_links":{"self":[{"href":"https:\/\/euvivoaselecao.com.br\/index.php\/wp-json\/wp\/v2\/posts\/92415","targetHints":{"allow":["GET"]}}],"collection":[{"href":"https:\/\/euvivoaselecao.com.br\/index.php\/wp-json\/wp\/v2\/posts"}],"about":[{"href":"https:\/\/euvivoaselecao.com.br\/index.php\/wp-json\/wp\/v2\/types\/post"}],"author":[{"embeddable":true,"href":"https:\/\/euvivoaselecao.com.br\/index.php\/wp-json\/wp\/v2\/users\/1"}],"replies":[{"embeddable":true,"href":"https:\/\/euvivoaselecao.com.br\/index.php\/wp-json\/wp\/v2\/comments?post=92415"}],"version-history":[{"count":0,"href":"https:\/\/euvivoaselecao.com.br\/index.php\/wp-json\/wp\/v2\/posts\/92415\/revisions"}],"wp:attachment":[{"href":"https:\/\/euvivoaselecao.com.br\/index.php\/wp-json\/wp\/v2\/media?parent=92415"}],"wp:term":[{"taxonomy":"category","embeddable":true,"href":"https:\/\/euvivoaselecao.com.br\/index.php\/wp-json\/wp\/v2\/categories?post=92415"},{"taxonomy":"post_tag","embeddable":true,"href":"https:\/\/euvivoaselecao.com.br\/index.php\/wp-json\/wp\/v2\/tags?post=92415"}],"curies":[{"name":"wp","href":"https:\/\/api.w.org\/{rel}","templated":true}]}}