{"id":92418,"date":"2026-09-06T03:32:59","date_gmt":"2026-09-06T06:32:59","guid":{"rendered":"https:\/\/euvivoaselecao.com.br\/index.php\/2026\/09\/06\/campeao-pelo-vasco-na-decada-de-30-leonidas-da-silva-estaria-completando-113-anos\/"},"modified":"2026-09-06T03:32:59","modified_gmt":"2026-09-06T06:32:59","slug":"campeao-pelo-vasco-na-decada-de-30-leonidas-da-silva-estaria-completando-113-anos","status":"publish","type":"post","link":"https:\/\/euvivoaselecao.com.br\/index.php\/2026\/09\/06\/campeao-pelo-vasco-na-decada-de-30-leonidas-da-silva-estaria-completando-113-anos\/","title":{"rendered":"Campe\u00e3o pelo Vasco na d\u00e9cada de 30, Le\u00f4nidas da Silva estaria completando 113 anos"},"content":{"rendered":"<p><\/p>\n<div>\n<div>\n<p>Campe\u00e3o pelo Vasco na d\u00e9cada de 30, Le\u00f4nidas da Silva estaria completando 113 anos<\/p>\n<p>Domingo, 06\/09\/2026  \u2013 01:33<\/p>\n<div class=\"corpo\">Pavilh\u00e3o Cruzmaltino @PavilhaoCrvg<\/p>\n<p>06\/09\/1913- Nascimento do lend\u00e1rio Le\u00f4nidas da Silva, o \u201cDiamante Negro\u201d! \u267e\ufe0f\ud83d\udca2<\/p>\n<p>Um dos maiores craques do futebol brasileiro e breve per\u00edodo em S\u00e3o Janu\u00e1rio foi Campe\u00e3o Carioca 34 e no mesmo ano convocado como atleta do Vasco para a sua 1\u00b0 Copa do Mundo. Faleceu em 2004 (SP).\n<\/p>\n<p>Fonte: X Pavilh\u00e3o Cruzmaltino<\/p>\n<\/div>\n<\/div>\n<p><!-- CONTENT END 2 -->\n<\/div>\n","protected":false},"excerpt":{"rendered":"<p>Campe\u00e3o pelo Vasco na d\u00e9cada de 30, Le\u00f4nidas da Silva estaria completando 113 anos Domingo, 06\/09\/2026 \u2013 01:33 Pavilh\u00e3o Cruzmaltino<\/p>\n","protected":false},"author":1,"featured_media":0,"comment_status":"","ping_status":"","sticky":false,"template":"","format":"standard","meta":{"colormag_page_container_layout":"default_layout","colormag_page_sidebar_layout":"default_layout","footnotes":""},"categories":[1],"tags":[],"class_list":["post-92418","post","type-post","status-publish","format-standard","hentry","category-sem-categoria"],"_links":{"self":[{"href":"https:\/\/euvivoaselecao.com.br\/index.php\/wp-json\/wp\/v2\/posts\/92418","targetHints":{"allow":["GET"]}}],"collection":[{"href":"https:\/\/euvivoaselecao.com.br\/index.php\/wp-json\/wp\/v2\/posts"}],"about":[{"href":"https:\/\/euvivoaselecao.com.br\/index.php\/wp-json\/wp\/v2\/types\/post"}],"author":[{"embeddable":true,"href":"https:\/\/euvivoaselecao.com.br\/index.php\/wp-json\/wp\/v2\/users\/1"}],"replies":[{"embeddable":true,"href":"https:\/\/euvivoaselecao.com.br\/index.php\/wp-json\/wp\/v2\/comments?post=92418"}],"version-history":[{"count":0,"href":"https:\/\/euvivoaselecao.com.br\/index.php\/wp-json\/wp\/v2\/posts\/92418\/revisions"}],"wp:attachment":[{"href":"https:\/\/euvivoaselecao.com.br\/index.php\/wp-json\/wp\/v2\/media?parent=92418"}],"wp:term":[{"taxonomy":"category","embeddable":true,"href":"https:\/\/euvivoaselecao.com.br\/index.php\/wp-json\/wp\/v2\/categories?post=92418"},{"taxonomy":"post_tag","embeddable":true,"href":"https:\/\/euvivoaselecao.com.br\/index.php\/wp-json\/wp\/v2\/tags?post=92418"}],"curies":[{"name":"wp","href":"https:\/\/api.w.org\/{rel}","templated":true}]}}