{"id":92420,"date":"2026-09-06T04:57:03","date_gmt":"2026-09-06T07:57:03","guid":{"rendered":"https:\/\/euvivoaselecao.com.br\/index.php\/2026\/09\/06\/confira-outros-topicos-da-entrevista-coletiva-de-pedro-emanuel-apos-fluminense-1-x-0-vasco\/"},"modified":"2026-09-06T04:57:03","modified_gmt":"2026-09-06T07:57:03","slug":"confira-outros-topicos-da-entrevista-coletiva-de-pedro-emanuel-apos-fluminense-1-x-0-vasco","status":"publish","type":"post","link":"https:\/\/euvivoaselecao.com.br\/index.php\/2026\/09\/06\/confira-outros-topicos-da-entrevista-coletiva-de-pedro-emanuel-apos-fluminense-1-x-0-vasco\/","title":{"rendered":"Confira outros t\u00f3picos da entrevista coletiva de Pedro Emanuel ap\u00f3s Fluminense 1 x 0 Vasco"},"content":{"rendered":"<p><\/p>\n<p>Confira outros t\u00f3picos da entrevista coletiva de Pedro Emanuel ap\u00f3s Fluminense 1 x 0 Vasco<\/p>\n<div>O Vasco foi derrotado pelo Fluminense por 1 a 0, na noite deste s\u00e1bado, no Maracan\u00e3, e permanece em uma situa\u00e7\u00e3o delicada no Campeonato Brasileiro, por mais uma rodada na zona de rebaixamento. A derrota pesa em um momento em que a equipe vasca\u00edna tamb\u00e9m disputa a Sul-Americana e a Copa do Brasil.<\/p>\n<p>Ap\u00f3s o jogo, o t\u00e9cnico Pedro Emanuel afirmou que vai dar prioridade ao Brasileir\u00e3o, e vai avaliar a melhor estrat\u00e9gia para a pr\u00f3xima ter\u00e7a-feira, quando o seu time enfrenta o Santa F\u00e9, na altitude de Bogot\u00e1, em jogo de ida pelas quartas de final da Sul-Americana.\n<\/p>\n<p>\u2014 Naturalmente, o nosso foco neste momento \u00e9 o Brasileir\u00e3o, \u00e9 o campeonato. Amanh\u00e3 vamos sentar com a equipe t\u00e9cnica. Hoje j\u00e1 estou a ter algumas ideias em rela\u00e7\u00e3o aquilo que eu pretendo, mas n\u00e3o vou fugir a essa quest\u00e3o, porque o pr\u00f3ximo jogo com o Gr\u00eamio \u00e9 extremamente importante para n\u00f3s \u2014 considerou o t\u00e9cnico.\n<\/p>\n<p>\u2014 Vamos avaliar bem para apresentar primeiro uma equipe competitiva e fresca para poder fazer seis horas e meia para l\u00e1, seis horas e meia para c\u00e1 de voos, jogar em altitude e ter capacidade de disputar a eliminat\u00f3ria. \u00c9 isso que n\u00f3s vamos nos preocupar amanh\u00e3 \u2014 acrescentou.\n<\/p>\n<p>Embora tenha sa\u00eddo derrotado, o Vasco fez uma partida equilibrada, e foi chegou a ser melhor no primeiro tempo, com mais presen\u00e7a ofensiva. Faltou, por\u00e9m, concluir melhor as jogadas para conseguir marcar. Na segunda etapa, o time perdeu bastante intensidade e viu o Fluminense crescer no duelo.\n<\/p>\n<p>\u2014 Faltou, de fato, a efetividade. E eu tamb\u00e9m compreendo, porque foi a primeira vez que essa frente de ataque tamb\u00e9m jogou junta. Precisa se conhecer. N\u00e3o temos tempo para treinar, temos tempo para jogar e tem que ser atrav\u00e9s do jogo. As imagens s\u00f3 n\u00e3o chegam. Por isso, n\u00f3s trabalhamos nesse sentido e os jogadores t\u00eam sido abnegados \u2014 disse o t\u00e9cnico em entrevista coletiva.\n<\/p>\n<p>\u2014 Isso, sim, \u00e9 o alento que n\u00f3s temos que levar deste jogo. Custa perder um cl\u00e1ssico, um d\u00e9rbi na casa do advers\u00e1rio, mas acho que hoje o futebol foi um bocadinho cruel conosco e custa-me lidar com isto. Mas vai ser uma noite mal dormida. Amanh\u00e3 \u00e9 outro dia. J\u00e1 temos que preparar, que j\u00e1 vamos viajar para a Col\u00f4mbia.\n<\/p>\n<p><center><\/p>\n<p><iframe class=\"embed-responsive-item\" allowfullscreen=\"\" src=\"https:\/\/s.videos.globo.com\/p3\/amp\/index.html?videosids=14935952\"><\/iframe><\/p>\n<p>Emanuel revela estrat\u00e9gia do Vasco na altitude de Bogot\u00e1: \u201c\u201dEquipe competitiva e fresca\u201d<\/p>\n<p><\/center><\/p>\n<p><b>Veja outras respostas do treinador:<\/b>\n<\/p>\n<p><b>Excesso de cruzamentos na \u00e1rea<\/b>\n<\/p>\n<p>\u2014 Quando h\u00e1 menos entrosamento entre quem entra na \u00e1rea, o Bruno Duarte, na forma que n\u00f3s ocupamos a \u00e1rea n\u00e3o nos permitiu tocar mais vezes na bola primeiro que o advers\u00e1rio como pretend\u00edamos. Ou em antecipa\u00e7\u00e3o, ou nas costas, ou tabela. Tudo isso influenciou a baixa efic\u00e1cia no cruzamento. Temos alternado um pouco, j\u00e1 n\u00e3o dependemos tanto do cruzamento porque temos jogadores l\u00e1 atr\u00e1s ofensivos. Mas temos buscado mais jogo interior, com Adson, Col\u00eddio e o jogador que voc\u00eas foram buscar no aeroporto, mas n\u00e3o \u00e9 oficial (Lescano) pode nos dar outro tipo de alternativo. \u00c9 o que faz as equipes completas, no\u00e7\u00e3o de jogar por fora, por dentro e ter finaliza\u00e7\u00e3o diversificada. Faltou efic\u00e1cia na n\u00e3o combina\u00e7\u00e3o na chegada na \u00e1rea. Temos que come\u00e7ar a trabalhar nesse sentido.\n<\/p>\n<p><b>Evolu\u00e7\u00e3o do trabalho<\/b>\n<\/p>\n<p>\u2014 J\u00e1 tem muito daquilo que \u00e9 a minha identidade, porque eu venho encontrar aqui exatamente profissionais e jogadores com uma capacidade de trabalho enorme e, acima de tudo, uma capacidade de aprendizagem grande, e est\u00e3o a trabalhar em prol da equipe. Sabemos que n\u00f3s, principalmente para o Brasileir\u00e3o, s\u00f3 dessa forma podemos subir posi\u00e7\u00f5es, que \u00e9 isso que n\u00f3s queremos fazer, e s\u00f3 dessa forma \u00e9 que n\u00f3s somos competitivos nas Copas onde estamos envolvidos.\n<\/p>\n<p>\u2014 E tem muito, tem muito daquilo que j\u00e1\u2026 das minhas ideias de jogo. J\u00e1 tem muito daquilo que, principalmente, \u00e9 o meu comportamento em campo. \u00c9 o n\u00e3o desistir, \u00e9 sermos intensos, sermos agressivos, sermos agressivos no bom sentido, com e sem bola, estarmos sempre ligados \u00e0 corrente.\n<\/p>\n<p><b>Vasco surpreendido<\/b>\n<\/p>\n<p>\u2014 N\u00f3s esper\u00e1vamos essa rea\u00e7\u00e3o que poderia existir por parte do Fluminense. O que n\u00f3s n\u00e3o conseguimos foi sair com tanta facilidade como aconteceu na primeira parte, na parte defensiva, porque conseguimos recuperar a bola muitas vezes mais \u00e0 frente.\n<\/p>\n<p>\u2014 N\u00f3s tivemos grande parte das recupera\u00e7\u00f5es feitas no meio-campo ofensivo, muito em prol da rea\u00e7\u00e3o que n\u00f3s tivemos \u00e0 perda, da forma intensa como pressionamos. Como o Fluminense apareceu mais adiantado, empurrou-nos um bocadinho para tr\u00e1s, mas isso tamb\u00e9m \u00e9 a qualidade do advers\u00e1rio. Temos que saber lidar com isso.\n<\/p>\n<p>\u2014 Tentamos nos reajustar, mas, quando est\u00e1vamos a reequilibrar, acabamos por sofrer o gol, e isso naturalmente mexe emocionalmente com a gente. Mas acho que continuamos a ter crit\u00e9rio, tentamos n\u00e3o nos expor demasiado, porque, de fato, a\u00ed sim \u00edamos expor aquilo que \u00e9 a qualidade do Fluminense no contra-ataque, com jogadores de muita qualidade e muito velozes.\n<\/p>\n<p><b>Dificuldades do Vasco no Brasileiro<\/b>\n<\/p>\n<p>\u2014 N\u00e3o estamos tendo os pontos condizentes com aquilo que achamos que dever\u00edamos ter. Mas isso faz parte. A competi\u00e7\u00e3o \u00e9 longa, a torcida est\u00e1 preocupada, est\u00e3o todos preocupados, como n\u00f3s estamos preocupados em sair desta zona. N\u00f3s e todas as equipes que est\u00e3o aqui \u00e0 volta, somos umas seis ou sete ou oito que est\u00e3o abrangidas nesta luta, e sabemos que esta \u00e9 a qualidade do Brasileir\u00e3o.\n<\/p>\n<p>\u2014 Agora tamb\u00e9m sabemos que uma vit\u00f3ria nos tira desta posi\u00e7\u00e3o e isso \u00e9 o que nos alimenta. Como eu disse, pr\u00f3ximo jogo, Gr\u00eamio, para esta competi\u00e7\u00e3o, \u00e9 o que n\u00f3s vamos preparar como se fosse uma final, porque n\u00f3s sabemos que esse jogo nos pode tirar desta posi\u00e7\u00e3o.\n<\/p>\n<p>\u2014 E hoje fico \u00fanica e simplesmente triste porque o trabalho e o esfor\u00e7o deles deveriam ser recompensados com pontos. N\u00e3o foi, mas amanh\u00e3 \u00e9 outro dia e temos que continuar a trabalhar e a acreditar que, de fato, no pr\u00f3ximo s\u00e1bado, vai ser esse o dia que nos vai tirar desta posi\u00e7\u00e3o, que \u00e9 inc\u00f4moda, mas n\u00e3o \u00e9 definitiva.\n<\/p>\n<p><b>Atua\u00e7\u00e3o da arbitragem<\/b>\n<\/p>\n<p>\u2014 O crit\u00e9rio mais largo do \u00e1rbitro n\u00f3s n\u00e3o estamos t\u00e3o habituados, e isso acho que, principalmente aqui, temos que nos habituar mais a isso, que o \u00e1rbitro deixe jogar mais e mais vezes. Agora, estamos t\u00e3o habituados a que o jogo tamb\u00e9m pare tantas vezes que, depois, quando acontece uma situa\u00e7\u00e3o dessas, sentimos que somos surpreendidos.\n<\/p>\n<p>\u2014 Mas n\u00e3o acredito que tenha sido pelo \u00e1rbitro. Ele tem um crit\u00e9rio mais largo. N\u00e3o posso me queixar das faltas que t\u00eam sido para n\u00f3s, por n\u00e3o terem sido marcadas.\n<\/p>\n<p>\u2014 A \u00fanica quest\u00e3o que eu acho que vale a pena real\u00e7ar aqui \u00e9 que, por vezes, faltas num d\u00e9rbi mais duras e que, \u00e0s vezes, o \u00e1rbitro d\u00e1 essa lei da vantagem para a bola poder seguir, essas faltas que s\u00e3o duras e que p\u00f5em em risco a integridade do jogador advers\u00e1rio devem ser advertidas com cart\u00f5es.\n<\/p>\n<p><b>Condi\u00e7\u00e3o f\u00edsica do Adson<\/b>\n<\/p>\n<p>\u2014 O Adson, tal como muitos outros, com dois dias entre jogos, viagens e tudo, n\u00e3o estava a 100%, mas n\u00f3s n\u00e3o temos ningu\u00e9m a 100% neste momento. Nem eu estou a 100%, por isso os jogadores n\u00e3o est\u00e3o a 100%. N\u00f3s sabemos disso, tentamos geri-los, tentamos. A ideia n\u00e3o era sequer o Adson hoje ir a jogo. A ideia, de fato, era, posso dizer, a prioridade era at\u00e9 o Marino entrar no jogo, mas, naquele momento, senti que n\u00f3s precis\u00e1vamos mais de jogo interior.\n<\/p>\n<p>\u2014 Mas, quando ele entra, n\u00f3s sofremos o gol e \u00e9 a\u00ed que as coisas se invertem. Infelizmente, depois tamb\u00e9m sentiu a les\u00e3o. N\u00e3o sei ainda o que \u00e9 que poder\u00e1 ser, se ter\u00e1 sido alguma coisa mais grave ou n\u00e3o, mas, pelo sim, pelo n\u00e3o, achei melhor n\u00f3s tirarmos para n\u00e3o complicar mais as coisas. Mas condiciona, porque, nesta altura, n\u00f3s precisamos de todos os que est\u00e3o dispon\u00edveis e, ficando com menos um, tornam-se as coisas tamb\u00e9m mais dif\u00edceis.\n<\/p>\n<p>Fonte: ge<\/p>\n<\/div>\n","protected":false},"excerpt":{"rendered":"<p>Confira outros t\u00f3picos da entrevista coletiva de Pedro Emanuel ap\u00f3s Fluminense 1 x 0 Vasco O Vasco foi derrotado pelo<\/p>\n","protected":false},"author":1,"featured_media":0,"comment_status":"","ping_status":"","sticky":false,"template":"","format":"standard","meta":{"colormag_page_container_layout":"default_layout","colormag_page_sidebar_layout":"default_layout","footnotes":""},"categories":[1],"tags":[],"class_list":["post-92420","post","type-post","status-publish","format-standard","hentry","category-sem-categoria"],"_links":{"self":[{"href":"https:\/\/euvivoaselecao.com.br\/index.php\/wp-json\/wp\/v2\/posts\/92420","targetHints":{"allow":["GET"]}}],"collection":[{"href":"https:\/\/euvivoaselecao.com.br\/index.php\/wp-json\/wp\/v2\/posts"}],"about":[{"href":"https:\/\/euvivoaselecao.com.br\/index.php\/wp-json\/wp\/v2\/types\/post"}],"author":[{"embeddable":true,"href":"https:\/\/euvivoaselecao.com.br\/index.php\/wp-json\/wp\/v2\/users\/1"}],"replies":[{"embeddable":true,"href":"https:\/\/euvivoaselecao.com.br\/index.php\/wp-json\/wp\/v2\/comments?post=92420"}],"version-history":[{"count":0,"href":"https:\/\/euvivoaselecao.com.br\/index.php\/wp-json\/wp\/v2\/posts\/92420\/revisions"}],"wp:attachment":[{"href":"https:\/\/euvivoaselecao.com.br\/index.php\/wp-json\/wp\/v2\/media?parent=92420"}],"wp:term":[{"taxonomy":"category","embeddable":true,"href":"https:\/\/euvivoaselecao.com.br\/index.php\/wp-json\/wp\/v2\/categories?post=92420"},{"taxonomy":"post_tag","embeddable":true,"href":"https:\/\/euvivoaselecao.com.br\/index.php\/wp-json\/wp\/v2\/tags?post=92420"}],"curies":[{"name":"wp","href":"https:\/\/api.w.org\/{rel}","templated":true}]}}