{"id":92421,"date":"2026-09-06T04:58:27","date_gmt":"2026-09-06T07:58:27","guid":{"rendered":"https:\/\/euvivoaselecao.com.br\/index.php\/2026\/09\/06\/campo-grande-reune-feiras-e-exposicoes-neste-fim-de-semana-cgnoticias\/"},"modified":"2026-09-06T04:58:27","modified_gmt":"2026-09-06T07:58:27","slug":"campo-grande-reune-feiras-e-exposicoes-neste-fim-de-semana-cgnoticias","status":"publish","type":"post","link":"https:\/\/euvivoaselecao.com.br\/index.php\/2026\/09\/06\/campo-grande-reune-feiras-e-exposicoes-neste-fim-de-semana-cgnoticias\/","title":{"rendered":"Campo Grande re\u00fane feiras e exposi\u00e7\u00f5es neste fim de semana \u2013 CGNot\u00edcias"},"content":{"rendered":"<p><\/p>\n<div>\n<p>Campo Grande ter\u00e1 op\u00e7\u00f5es de cultura, arte e economia criativa neste fim de semana. A programa\u00e7\u00e3o de s\u00e1bado (5) e domingo (6) re\u00fane feiras e exposi\u00e7\u00f5es em diferentes espa\u00e7os da Capital, com atividades gratuitas.<\/p>\n<p>No s\u00e1bado (5), a Plataforma Cultural recebe o Coletivo de Brech\u00f3s, das 8h \u00e0s 15h. A iniciativa re\u00fane expositores e valoriza o consumo consciente e a circula\u00e7\u00e3o de pe\u00e7as. O espa\u00e7o fica na Avenida Cal\u00f3geras, 3015.<\/p>\n<p>Tamb\u00e9m no s\u00e1bado, a Feira Ziriguidum ser\u00e1 realizada das 16h \u00e0s 22h, na Pra\u00e7a do Preto Velho, com entrada gratuita.<\/p>\n<p><strong>Mutir\u00e3o de tapa-buracos chega \u00e0 Vila Planalto neste s\u00e1bado \u2013 CGNot\u00edcias<\/strong><\/p>\n<p><strong>Linhas de \u00f4nibus ter\u00e3o hor\u00e1rios diferenciados no feriado \u2013 CGNot\u00edcias<\/strong><\/p>\n<p>Para quem gosta de artes visuais, a Galeria de Vidro, na Avenida Cal\u00f3geras, 3015, recebe a exposi\u00e7\u00e3o \u201cFragmentos e Cicatrizes da Arquitetura Urbana\u201d, dos artistas Gisele Della Barba e Fernando Anghinoni. A visita\u00e7\u00e3o aos s\u00e1bados ocorre das 8h \u00e0s 12h.<\/p>\n<p>J\u00e1 na Casa de Cultura, na Avenida Afonso Pena, 2270, no Centro, o p\u00fablico poder\u00e1 visitar a exposi\u00e7\u00e3o \u201cFlorarium \u2013 do nativo ao end\u00eamico\u201d, do coletivo de artistas. A visita\u00e7\u00e3o ser\u00e1 das 9h \u00e0s 12h, com entrada gratuita.<\/p>\n<p>No domingo (6), a programa\u00e7\u00e3o continua com a Feira Borogod\u00f3, das 9h \u00e0s 15h, na Pra\u00e7a Coophaf\u00e9, localizada na Rua das Gar\u00e7as, 3164.<\/p>\n<p>Com op\u00e7\u00f5es em diferentes espa\u00e7os da cidade, a programa\u00e7\u00e3o re\u00fane iniciativas que valorizam a produ\u00e7\u00e3o cultural, a economia criativa e as artes visuais, com atividades gratuitas para o p\u00fablico.<\/p>\n<p><strong>Semana re\u00fane a\u00e7\u00f5es de prote\u00e7\u00e3o social, educa\u00e7\u00e3o, esporte e trabalho \u2013 CGNot\u00edcias<\/strong><\/p>\n<p><strong>Sesau promove a\u00e7\u00e3o do Setembro Amarelo sobre sa\u00fade emocional na gesta\u00e7\u00e3o \u2013 CGNot\u00edcias<\/strong><\/p>\n<p><em>#ParaTodosVeem: A imagem de capa mostra feira de rua com barracas de roupas, alho e outros produtos, movimentada por pedestres em dia de sol.<\/em><\/p>\n<\/div>\n<p><script async defer src=\"https:\/\/connect.facebook.net\/en_US\/sdk.js?ver=1#xfbml=1&amp;version=v3.2\" id=\"prefeitura-campogrande-script-facebook-sdk-js\" type=\"3ae3d469e39c2abde8afcf03-text\/javascript\"><\/script><\/p>\n","protected":false},"excerpt":{"rendered":"<p>Campo Grande ter\u00e1 op\u00e7\u00f5es de cultura, arte e economia criativa neste fim de semana. A programa\u00e7\u00e3o de s\u00e1bado (5) e<\/p>\n","protected":false},"author":2,"featured_media":0,"comment_status":"","ping_status":"","sticky":false,"template":"","format":"standard","meta":{"colormag_page_container_layout":"default_layout","colormag_page_sidebar_layout":"default_layout","footnotes":""},"categories":[],"tags":[],"class_list":["post-92421","post","type-post","status-publish","format-standard","hentry"],"_links":{"self":[{"href":"https:\/\/euvivoaselecao.com.br\/index.php\/wp-json\/wp\/v2\/posts\/92421","targetHints":{"allow":["GET"]}}],"collection":[{"href":"https:\/\/euvivoaselecao.com.br\/index.php\/wp-json\/wp\/v2\/posts"}],"about":[{"href":"https:\/\/euvivoaselecao.com.br\/index.php\/wp-json\/wp\/v2\/types\/post"}],"author":[{"embeddable":true,"href":"https:\/\/euvivoaselecao.com.br\/index.php\/wp-json\/wp\/v2\/users\/2"}],"replies":[{"embeddable":true,"href":"https:\/\/euvivoaselecao.com.br\/index.php\/wp-json\/wp\/v2\/comments?post=92421"}],"version-history":[{"count":0,"href":"https:\/\/euvivoaselecao.com.br\/index.php\/wp-json\/wp\/v2\/posts\/92421\/revisions"}],"wp:attachment":[{"href":"https:\/\/euvivoaselecao.com.br\/index.php\/wp-json\/wp\/v2\/media?parent=92421"}],"wp:term":[{"taxonomy":"category","embeddable":true,"href":"https:\/\/euvivoaselecao.com.br\/index.php\/wp-json\/wp\/v2\/categories?post=92421"},{"taxonomy":"post_tag","embeddable":true,"href":"https:\/\/euvivoaselecao.com.br\/index.php\/wp-json\/wp\/v2\/tags?post=92421"}],"curies":[{"name":"wp","href":"https:\/\/api.w.org\/{rel}","templated":true}]}}